{"id":188,"date":"2024-03-15T10:07:00","date_gmt":"2024-03-15T09:07:00","guid":{"rendered":"https:\/\/alain.goudey.eu\/side\/?p=188"},"modified":"2024-03-15T10:34:19","modified_gmt":"2024-03-15T09:34:19","slug":"analyse-critique-du-rapport-de-la-commission-de-lintelligence-artificielle-ia-notre-ambition-pour-la-france","status":"publish","type":"post","link":"https:\/\/alain.goudey.eu\/side\/2024\/03\/15\/analyse-critique-du-rapport-de-la-commission-de-lintelligence-artificielle-ia-notre-ambition-pour-la-france\/","title":{"rendered":"Analyse critique du rapport de la Commission de l&rsquo;Intelligence Artificielle \u00ab\u00a0IA, notre ambition pour la France\u00a0\u00bb"},"content":{"rendered":"\n<p>Cette commission fut constitu\u00e9e en septembre 2023 par Elisabeth Borne. Mme Anne Bouverot (Pr\u00e9sidente du CA de l&rsquo;ENS) et M. Philippe Aghion (Professeur au Coll\u00e8ge de France) l&rsquo;ont pr\u00e9sid\u00e9e. La commission de l&rsquo;Intelligence Artificielle a mobilis\u00e9 13 experts de l&rsquo;IA : Gilles Babinet, Jo\u00eblle Barral, Alexandra Bensamoun, Nozha Boujemaa, Bernard Charl\u00e8s, Luc Julia, Yann Le Cun, Arthur Mensch, C\u00e9dric O, Isabel Ryl, Franca Salis-Madinier, Martin Tisn\u00e9, et Ga\u00ebl Varoquaux. La commission a \u00e9t\u00e9 appuy\u00e9e par de nombreux rapporteurs, dont deux g\u00e9n\u00e9raux : Cyprien Canivenc et Arno Amabile. Saluons le travail de ces femmes et de ces hommes qui ont auditionn\u00e9 600 experts et parties prenantes de l&rsquo;IA, <a href=\"https:\/\/alain.goudey.eu\/side\/2024\/03\/06\/intelligence-artificielle-generative-quelles-priorites-iag\/\">analys\u00e9 la consultation citoyenne IA sur Agora<\/a>, op\u00e9r\u00e9 23 s\u00e9ances pl\u00e9ni\u00e8res de travail pour formuler 25 recommandations au gouvernement pour un investissement de 27.4 milliards d&rsquo;euros sur 5 ans, structur\u00e9 en 6 th\u00e8mes cl\u00e9s. Bravo ! <\/p>\n\n\n\n<p>Le rapport est clair, bien structur\u00e9, tr\u00e8s bien document\u00e9 et sourc\u00e9 avec une analyse fine et \u00e9quilibr\u00e9e de nombreuses questions cl\u00e9s. Il constitue une base de travail importante pour tout d\u00e9cideur (public ou priv\u00e9) qui souhaite s&#8217;emparer de ce sujet. Une excellente premi\u00e8re \u00e9tape pour informer et former tous les citoyens de notre pays ! J&rsquo;ai eu l&rsquo;occasion d&rsquo;\u00e9changer r\u00e9guli\u00e8rement avec certains membres et suis particuli\u00e8rement heureux de voir quelques id\u00e9es reprises, contextualis\u00e9es et amplifi\u00e9es ! Maintenant passons \u00e0 l&rsquo;action ensemble&#8230; <\/p>\n\n\n\n<h2 class=\"wp-block-heading\">L&rsquo;intelligence artificielle : une r\u00e9volution au coeur de la strat\u00e9gie fran\u00e7aise<\/h2>\n\n\n\n<p>L&rsquo;intelligence artificielle (IA) repr\u00e9sente une r\u00e9volution technologique incontournable dans le monde, fa\u00e7onnant de mani\u00e8re significative l&rsquo;\u00e9conomie, l&#8217;emploi, l&rsquo;environnement, et plus encore (le rapport n&rsquo;aborde les modifications de comportements individuels, l&rsquo;impact soci\u00e9tal sur la virtualisation des relations, etc.). L&rsquo;\u00e9mergence de l&rsquo;IA g\u00e9n\u00e9rative, caract\u00e9ris\u00e9e par sa facilit\u00e9 d&rsquo;utilisation, sa rapidit\u00e9 de g\u00e9n\u00e9ration de contenu, et son r\u00e9alisme, marque un tournant d\u00e9cisif dans cette \u00e9volution. Toutefois, cette r\u00e9volution ne doit pas susciter un exc\u00e8s de pessimisme ou d&rsquo;optimisme, car l&rsquo;IA, malgr\u00e9 son potentiel consid\u00e9rable, ne remplacera pas l&rsquo;humain et ne sera pas la solution \u00e0 tous nos d\u00e9fis futurs.<\/p>\n\n\n\n<figure class=\"wp-block-image size-full\"><img loading=\"lazy\" decoding=\"async\" width=\"738\" height=\"456\" src=\"https:\/\/alain.goudey.eu\/side\/wp-content\/uploads\/2024\/03\/image.png\" alt=\"Le cercle vertueux de l'IA entre ressources, d\u00e9veloppement technologique, confiance, et b\u00e9n\u00e9fices \u00e9conomiques et\nsociaux (p.26)\" class=\"wp-image-191\" srcset=\"https:\/\/alain.goudey.eu\/side\/wp-content\/uploads\/2024\/03\/image.png 738w, https:\/\/alain.goudey.eu\/side\/wp-content\/uploads\/2024\/03\/image-300x185.png 300w\" sizes=\"auto, (max-width: 738px) 100vw, 738px\" \/><\/figure>\n\n\n\n<p>La France et l&rsquo;Europe poss\u00e8dent des atouts majeurs pour participer activement \u00e0 cette r\u00e9volution, notamment gr\u00e2ce \u00e0 l&rsquo;excellence et au dynamisme de leurs talents dans le domaine de l&rsquo;IA. Cependant, un d\u00e9classement technologique et \u00e9conomique menace notre continent, compromettant notre prosp\u00e9rit\u00e9 et notre ind\u00e9pendance. Face \u00e0 cette r\u00e9alit\u00e9, une action est imp\u00e9rative pour que l&rsquo;IA devienne un facteur de progr\u00e8s. Alors que propose le rapport de la commission IA ? <\/p>\n\n\n\n<h2 class=\"wp-block-heading\">Six axes strat\u00e9giques au service de l&rsquo;intelligence artificielle en France <\/h2>\n\n\n\n<p>Pour relever ce d\u00e9fi, le rapport analyse au long de ses 130 pages de tr\u00e8s nombreuses questions majeurs. Il aboutit \u00e0 un plan d&rsquo;action ambitieux et r\u00e9aliste structur\u00e9 en six axes strat\u00e9giques :<\/p>\n\n\n\n<ol class=\"wp-block-list\">\n<li><strong>Sensibilisation et formation<\/strong> : Un plan national pour sensibiliser et former la population \u00e0 l&rsquo;intelligence artificielle, int\u00e9grant des d\u00e9bats publics et une massification de la formation continue. Notamment, le rapport indique : \u00ab\u00a0animation de d\u00e9bats publics en continu sur les impacts \u00e9conomiques et soci\u00e9taux de l\u2019IA au plus pr\u00e8s des lieux du quotidien, structuration de l\u2019offre de formation d\u2019enseignement sup\u00e9rieur, massification de la formation continue aux outils d\u2019IA, int\u00e9gration de l\u2019IA comme objet et outil du dialogue social\u00a0\u00bb<\/li>\n\n\n\n<li><strong>Innovation financi\u00e8re<\/strong> : La cr\u00e9ation d&rsquo;un fonds \u00ab\u00a0France &amp; IA\u00a0\u00bb dot\u00e9 de 10 milliards d&rsquo;euros pour soutenir l&rsquo;\u00e9mergence de l&rsquo;\u00e9cosyst\u00e8me d&rsquo;IA et la transformation \u00e9conomique.<\/li>\n\n\n\n<li><strong>Puissance de calcul<\/strong> : Positionner la France comme un leader en puissance de calcul, avec un approvisionnement s\u00e9curis\u00e9 et des incitations fiscales pour l&rsquo;entra\u00eenement de mod\u00e8les d&rsquo;IA.<\/li>\n\n\n\n<li><strong>Acc\u00e8s aux donn\u00e9es<\/strong> : Faciliter l&rsquo;acc\u00e8s aux donn\u00e9es personnelles et culturelles, tout en respectant les droits de propri\u00e9t\u00e9 intellectuelle et en modernisant le cadre r\u00e9glementaire.<\/li>\n\n\n\n<li><strong>Exception IA dans la recherche<\/strong> : Lib\u00e9rer les chercheurs des contraintes administratives et doubler les moyens de la recherche publique sp\u00e9cialis\u00e9e en IA. C&rsquo;est une d\u00e9marche coh\u00e9rente avec l&rsquo;<a href=\"https:\/\/alain.goudey.eu\/side\/2024\/02\/13\/lai-act-en-pratique-et-dans-lenseignement\/\">AI Act europ\u00e9en<\/a>.<\/li>\n\n\n\n<li><strong>Gouvernance mondiale de l&rsquo;IA<\/strong> : Promouvoir une gouvernance mondiale pour \u00e9valuer et encadrer l&rsquo;IA, soutenir l&rsquo;innovation au service du bien commun, et \u00e9tablir un m\u00e9canisme de solidarit\u00e9 internationale.<\/li>\n<\/ol>\n\n\n\n<p>Cette strat\u00e9gie n\u00e9cessite une mobilisation collective, imm\u00e9diate et soutenue, visant \u00e0 faire de la France un leader mondial de l&rsquo;IA. Un investissement public de 5 milliards d&rsquo;euros annuels sur cinq ans est pr\u00e9vu pour r\u00e9aliser ces ambitions, un effort jug\u00e9 n\u00e9cessaire et r\u00e9alisable. Ignorer cette opportunit\u00e9 co\u00fbterait cher \u00e0 la France, en termes de gains \u00e9conomiques et sociaux, et risquerait de nous rel\u00e9guer au second plan de l&rsquo;histoire technologique. Il est assez ais\u00e9 de r\u00e9partir les 25 propositions autour des 6 axes. Cela aurait \u00e9t\u00e9 appr\u00e9ciable que cela soit mieux r\u00e9alis\u00e9 (p. 124) car on ne trouve que 5 cat\u00e9gories dans les financements au final pour un total de 27,4 milliards d&rsquo;euros sur 5 ans (et non 5 milliards sur 5 ans comme annonc\u00e9 dans la synth\u00e8se).<\/p>\n\n\n\n<h2 class=\"wp-block-heading\">Un budget d&rsquo;investissement en tr\u00e8s nette hausse autour de l&rsquo;intelligence artificielle<\/h2>\n\n\n\n<p>D&rsquo;apr\u00e8s <a href=\"https:\/\/fr.statista.com\/infographie\/29666\/pays-avec-les-plus-grands-investissements-prives-dans-ia-entre-2013-et-2022\/\" target=\"_blank\" rel=\"noopener\">Statista<\/a>, sur les 10 ans (2013-2022), la France avait investit 6.6 milliards de dollars, l\u00e0 o\u00f9 les USA \u00e9taient \u00e0 249 ! Comme l&rsquo;indique le rapport, l&rsquo;investissement am\u00e9ricain rapport\u00e9 \u00e0 la taille du pays est de l&rsquo;ordre de 3 \u00e0 4 fois sup\u00e9rieur jusque l\u00e0. Avec une pr\u00e9vision \u00e0 27 milliards sur 5 ans, la France multiplie consid\u00e9rablement son effort et c&rsquo;est une excellente nouvelle !<\/p>\n\n\n\n<p>Le co\u00fbt des mesures est indiqu\u00e9 dans le rapport et les plus co\u00fbteuses sont les 8 mesures suivantes qui \u00e0 elles seules font 25.6 Mds d&rsquo;euros d&rsquo;investissement : <\/p>\n\n\n\n<ul class=\"wp-block-list\">\n<li>Acc\u00e9l\u00e9rer l\u2019\u00e9mergence d\u2019une fili\u00e8re europ\u00e9enne de composants semi-conducteurs adapt\u00e9s aux syst\u00e8mes d\u2019IA (7,7 Mds)<\/li>\n\n\n\n<li>Renforcer la capacit\u00e9 technique et l\u2019infrastructure du num\u00e9rique public afin de d\u00e9finir et de passer \u00e0 l\u2019\u00e9chelle une r\u00e9elle transformation des services publics gr\u00e2ce au num\u00e9rique et \u00e0 l\u2019IA, pour les agents et au service des usagers (5,5 Mds), en coh\u00e9rence avec <a href=\"https:\/\/alain.goudey.eu\/side\/2024\/02\/27\/analyse-du-rapport-dinformation-sur-les-defis-de-lintelligence-artificielle-generative-en-matiere-de-protection-des-donnees-personnelles-et-dutilisation-du-contenu-genere\/\">le rapport IA de la Commission des Loi de l&rsquo;Assembl\u00e9e Nationale<\/a>.<\/li>\n\n\n\n<li>Investir massivement dans les entreprises du num\u00e9rique et la transformation des entreprises pour soutenir l\u2019\u00e9cosyst\u00e8me fran\u00e7ais de l\u2019IA et en faire l\u2019un des premiers mondiaux (3,6 Mds)<\/li>\n\n\n\n<li>Faciliter la circulation des donn\u00e9es et le partage de pratiques pour tirer les b\u00e9n\u00e9fices de l\u2019IA dans les soins, am\u00e9liorer l\u2019offre et le quotidien des soignants (3 Mds)<\/li>\n\n\n\n<li>Inciter, faciliter et amplifier le recours aux outils d\u2019IA dans l\u2019\u00e9conomie fran\u00e7aise en favorisant l\u2019usage de solutions europ\u00e9ennes (2,6 Mds)<\/li>\n\n\n\n<li>G\u00e9n\u00e9raliser le d\u00e9ploiement de l\u2019IA dans toutes les formations d\u2019enseignement sup\u00e9rieur et acculturer les \u00e9l\u00e8ves dans l\u2019enseignement secondaire pour rendre accessibles et attractives les formations sp\u00e9cialis\u00e9es (1,2 Mds)<\/li>\n\n\n\n<li>Encourager l\u2019utilisation individuelle, l\u2019exp\u00e9rimentation \u00e0 grande \u00e9chelle et l\u2019\u00e9valuation des outils d\u2019IA pour renforcer le service public de l\u2019\u00e9ducation et am\u00e9liorer le quotidien des \u00e9quipes p\u00e9dagogiques (1 Md)<\/li>\n\n\n\n<li>Faire de la France et de l\u2019Europe un p\u00f4le majeur de la puissance de calcul install\u00e9e (1 Md)<\/li>\n<\/ul>\n\n\n\n<p>Ces 8 mesures sont les bonnes et vont clairement dans le bon sens ! Pour moi cela contribue \u00e0 :<\/p>\n\n\n\n<ul class=\"wp-block-list\">\n<li>Am\u00e9liorer la situation de ma\u00eetrise de la fili\u00e8re technique (semi conducteur, \u00e9mergence d&rsquo;un \u00e9cosyst\u00e8me fran\u00e7aise de l&rsquo;IA et puissance de calcul install\u00e9e) pour un total de 12,3 Mds<\/li>\n\n\n\n<li>D\u00e9velopper l&rsquo;acc\u00e8s \u00e0 ces outils (amplifier le recours \u00e0 l&rsquo;IA dans l&rsquo;\u00e9conomie, encourager l&rsquo;usage dans le service public par l&rsquo;infrastructure et par les individus, et dans le domaine de la sant\u00e9) pour 12,1 Mds<\/li>\n\n\n\n<li>Former les individus pour 1,2 Mds<\/li>\n<\/ul>\n\n\n\n<h2 class=\"wp-block-heading\">Quelques critiques sur le rapport IA<\/h2>\n\n\n\n<p>A la lecture du rapport, j&rsquo;ai cinq critiques (constructives) qui me sont venues. Je vous les livre ici :  <\/p>\n\n\n\n<p>La premi\u00e8re concerne l&rsquo;orchestration des 25 mesures qui ont \u00e9t\u00e9 r\u00e9parties logiquement par Minist\u00e8re. Il faut un chef d&rsquo;orchestre rattach\u00e9 au Premier Ministre pour piloter l&rsquo;ensemble, une sorte de cellule PMO transversale pour coordonner l&rsquo;ensemble du dispositif qui doit \u00eatre \u00e9tal\u00e9 dans le temps et structur\u00e9 selon un chemin critique clair.<\/p>\n\n\n\n<p>La seconde critique fait r\u00e9f\u00e9rence \u00e0 la faisabilit\u00e9 des recommandations : le rapport appelle \u00e0 d&rsquo;importants investissements pour garantir la souverainet\u00e9 technologique de la France et de l&rsquo;Europe. Cependant, les d\u00e9tails sur la faisabilit\u00e9 financi\u00e8re, les sources de financement, et les m\u00e9canismes de mise en \u0153uvre sp\u00e9cifiques sont moins d\u00e9velopp\u00e9s. Un examen plus critique de la faisabilit\u00e9 financi\u00e8re et op\u00e9rationnelle de ces recommandations serait b\u00e9n\u00e9fique.<\/p>\n\n\n\n<p>La troisi\u00e8me concerne la gouvernance mondiale qui est propos\u00e9e : l&rsquo;id\u00e9e est excellente, mais la proposition d&rsquo;une gouvernance mondiale de l&rsquo;IA pourrait \u00eatre vue comme id\u00e9aliste. Les d\u00e9fis li\u00e9s \u00e0 la coordination internationale, aux diff\u00e9rences r\u00e9glementaires, et aux int\u00e9r\u00eats nationaux divergents pourraient \u00eatre sous-estim\u00e9s. Une analyse plus critique des obstacles \u00e0 une telle gouvernance renforcerait le r\u00e9alisme des propositions.<\/p>\n\n\n\n<p>La quatri\u00e8me se rapporte au sujet formation et inclusion : le rapport met (\u00e0 juste titre) l&rsquo;accent sur la formation et l&rsquo;\u00e9ducation comme piliers pour l&rsquo;adoption de l&rsquo;IA. Toutefois, cela soul\u00e8ve la question sur la mani\u00e8re de le faire : il faut d\u00e9j\u00e0 former de nombreux formateurs afin d&rsquo;en assurer le d\u00e9ploiement massif. Par ailleurs, il me semble que la question d&rsquo;accessibilit\u00e9 et d&rsquo;inclusion n&rsquo;est pas suffisamment trait\u00e9e, en particulier pour les populations d\u00e9favoris\u00e9es ou les r\u00e9gions moins d\u00e9velopp\u00e9es. Un focus plus marqu\u00e9 sur la r\u00e9duction de la fracture num\u00e9rique et sur l&rsquo;inclusion sociale serait pertinent. Notamment, des formats plus grand public avec pourquoi pas une \u00e9mission TV r\u00e9guli\u00e8re autour du num\u00e9rique, de la transformation de la soci\u00e9t\u00e9, de l&rsquo;IA, de l&rsquo;IA g\u00e9n\u00e9rative, de la blockchain, etc. Une sorte de \u00ab\u00a0C&rsquo;est pas sorcier\u00a0\u00bb du num\u00e9rique. <\/p>\n\n\n\n<p>La cinqui\u00e8me et derni\u00e8re critique concerne l&rsquo;impact sur l&#8217;emploi : le rapport anticipe un impact positif. La d\u00e9monstration s&rsquo;appuie sur une critique tr\u00e8s pertinente des \u00e9tudes de type Frey et al. sur l&rsquo;impact n\u00e9gatif de l&rsquo;IA (qui am\u00e8ne \u00e0 une perte d&#8217;emplois). Il est clair que c&rsquo;est une technologie pouvant transformer le march\u00e9 de l&#8217;emploi. Cependant, il manque une analyse plus claire des strat\u00e9gies concr\u00e8tes pour la reconversion professionnelle et la protection sociale des travailleurs affect\u00e9s. <\/p>\n\n\n\n<figure class=\"wp-block-image size-full\"><img loading=\"lazy\" decoding=\"async\" width=\"717\" height=\"615\" src=\"https:\/\/alain.goudey.eu\/side\/wp-content\/uploads\/2024\/03\/image-1.png\" alt=\"Effet attendu de l'intelligence artificielle sur les m\u00e9tiers en France (2024)\" class=\"wp-image-192\" srcset=\"https:\/\/alain.goudey.eu\/side\/wp-content\/uploads\/2024\/03\/image-1.png 717w, https:\/\/alain.goudey.eu\/side\/wp-content\/uploads\/2024\/03\/image-1-300x257.png 300w\" sizes=\"auto, (max-width: 717px) 100vw, 717px\" \/><\/figure>\n\n\n\n<h2 class=\"wp-block-heading\">La liste des 25 mesures envisag\u00e9es pour l&rsquo;IA en France<\/h2>\n\n\n\n<p>De mani\u00e8re extensive, voici la liste des 25 mesures envisag\u00e9es. Le rapport ne pr\u00e9sente aucun macro planning alors que les pilotes sont bien pr\u00e9sent\u00e9s, aucun macro planning n&rsquo;est propos\u00e9 dans le rapport. Cela devrait venir prochainement. <\/p>\n\n\n\n<figure class=\"wp-block-table\"><table><tbody><tr><td colspan=\"2\">&nbsp; <strong>Recommandations<\/strong><\/td><td><strong>Impact financier en 5 ans (M\u20ac)<\/strong><\/td><\/tr><tr><td>&nbsp; &nbsp; 1<\/td><td>Cr\u00e9er les conditions d\u2019une appropriation collective de l\u2019IA et de ses enjeux afin de d\u00e9finir collectivement les conditions dans lesquelles elle s\u2019ins\u00e8re dans notre soci\u00e9t\u00e9 et nos vies quotidiennes <em>Pilotes : minist\u00e8re<\/em><em> <\/em><em>de la<\/em><em> <\/em><em>coh\u00e9sion des<\/em><em> <\/em><em>territoires<\/em><em><\/em><\/td><td>&nbsp; 10<\/td><\/tr><tr><td>&nbsp; 2<\/td><td>Investir dans l\u2019observation, les \u00e9tudes et la recherche sur les impacts des syst\u00e8mes d\u2019IA sur la quantit\u00e9 et la qualit\u00e9 de l\u2019emploi <em>Pilotes : minist\u00e8re du travail et minist\u00e8re de la fonction publique<\/em><em><\/em><\/td><td>&nbsp; 5<\/td><\/tr><\/tbody><\/table><\/figure>\n\n\n\n<figure class=\"wp-block-table\"><table><tbody><tr><td colspan=\"2\">&nbsp;<\/td><td><\/td><\/tr><tr><td>&nbsp; 3<\/td><td>Faire du dialogue social et professionnel un outil de co-construction des usages et de r\u00e9gulation des risques des syst\u00e8mes d\u2019IA <em>Pilotes<\/em><em> <\/em><em>:<\/em><em> <\/em><em>minist\u00e8re<\/em><em> <\/em><em>du<\/em><em> <\/em><em>travail<\/em><em><\/em><\/td><td>&nbsp; 0<\/td><\/tr><tr><td>&nbsp; &nbsp; &nbsp; 4<\/td><td>Porter une strat\u00e9gie de soutien \u00e0 l\u2019\u00e9cosyst\u00e8me d\u2019IA ouverte au niveau international en soutenant l\u2019utilisation et le d\u00e9veloppement de syst\u00e8mes d\u2019IA ouverts et les capacit\u00e9s d\u2019inspection et d\u2019\u00e9valuation par des tiers <em>Pilotes<\/em><em> <\/em><em>:<\/em><em> <\/em><em>minist\u00e8re<\/em><em> <\/em><em>de<\/em><em> <\/em><em>l\u2019enseignement<\/em><em> <\/em><em>sup\u00e9rieur<\/em><em> <\/em><em>et<\/em><em> <\/em><em>de<\/em><em> <\/em><em>la<\/em><em> <\/em><em>recherche<\/em><em> <\/em><em>;<\/em><em> <\/em><em>minist\u00e8re <\/em><em>de l\u2019\u00e9conomie<\/em><em><\/em><\/td><td>&nbsp; &nbsp; 0<\/td><\/tr><tr><td>&nbsp; &nbsp; 5<\/td><td>Faire de la France un pionnier de l\u2019IA pour la plan\u00e8te en renfor\u00e7ant la transparence environnementale, la recherche dans des mod\u00e8les \u00e0 faible impact, et l\u2019utilisation de l\u2019IA au service des transitions \u00e9nerg\u00e9tique et environnementales <em>Pilotes<\/em><em> <\/em><em>:<\/em><em> <\/em><em>minist\u00e8re<\/em><em> <\/em><em>de<\/em><em> <\/em><em>l\u2019Europe<\/em><em> <\/em><em>;<\/em><em> <\/em><em>minist\u00e8re<\/em><em> <\/em><em>de<\/em><em> <\/em><em>la<\/em><em> <\/em><em>recherche<\/em><em><\/em><\/td><td>&nbsp; &nbsp; 100<\/td><\/tr><tr><td>&nbsp; &nbsp; &nbsp; 6<\/td><td>G\u00e9n\u00e9raliser le d\u00e9ploiement de l\u2019IA dans toutes les formations d\u2019enseignement sup\u00e9rieur et acculturer les \u00e9l\u00e8ves dans l\u2019enseignement secondaire pour rendre accessibles et attractives les formations sp\u00e9cialis\u00e9es <em>Pilotes<\/em><em> <\/em><em>:<\/em><em> <\/em><em>minist\u00e8re<\/em><em> <\/em><em>de<\/em><em> <\/em><em>l\u2019enseignement<\/em><em> <\/em><em>sup\u00e9rieur<\/em><em> <\/em><em>et<\/em><em> <\/em><em>de<\/em><em> <\/em><em>la<\/em><em> <\/em><em>recherche,<\/em><em> <\/em><em>minist\u00e8re <\/em><em>de l\u2019\u00e9ducation nationale<\/em><em><\/em><\/td><td>&nbsp; &nbsp; 1 200<\/td><\/tr><tr><td>&nbsp; 7<\/td><td>Investir dans la formation professionnelle continue des travailleurs et dans les dispositifs de formation autour de l\u2019IA <em>Pilotes<\/em><em> <\/em><em>:<\/em><em> <\/em><em>minist\u00e8re<\/em><em> <\/em><em>du<\/em><em> <\/em><em>travail<\/em><em> <\/em><em>et<\/em><em> <\/em><em>minist\u00e8re<\/em><em> <\/em><em>de<\/em><em> <\/em><em>la<\/em><em> <\/em><em>fonction<\/em><em> <\/em><em>publique<\/em><em><\/em><\/td><td>&nbsp; 200<\/td><\/tr><tr><td>&nbsp; &nbsp; 8<\/td><td>Former les professions cr\u00e9atives \u00e0 l\u2019IA, d\u00e8s les premi\u00e8res ann\u00e9es de l\u2019enseignement sup\u00e9rieur et en continu <em>Pilotes<\/em><em> <\/em><em>:<\/em><em> <\/em><em>minist\u00e8re<\/em><em> <\/em><em>de<\/em><em> <\/em><em>l\u2019enseignement<\/em><em> <\/em><em>sup\u00e9rieur<\/em><em> <\/em><em>et<\/em><em> <\/em><em>de<\/em><em> <\/em><em>la<\/em><em> <\/em><em>recherche<\/em><em> <\/em><em>;<\/em><em> <\/em><em>minist\u00e8re <\/em><em>de la culture<\/em><em><\/em><\/td><td>&nbsp; 20<\/td><\/tr><tr><td>&nbsp; &nbsp; 9<\/td><td>Renforcer la capacit\u00e9 technique et l\u2019infrastructure du num\u00e9rique public afin de d\u00e9finir et de passer \u00e0 l\u2019\u00e9chelle une r\u00e9elle transformation des services publics gr\u00e2ce au num\u00e9rique et \u00e0 l\u2019IA, pour les agents et au service des usagers <em>Pilote : minist\u00e8re de la transformation et de la fonction<\/em><em> <\/em><em>publique<\/em><em><\/em><\/td><td>&nbsp; &nbsp; 5 500<\/td><\/tr><tr><td>&nbsp; &nbsp; 10<\/td><td>Faciliter la circulation des donn\u00e9es et le partage de pratiques pour tirer les b\u00e9n\u00e9fices de l\u2019IA dans les soins, am\u00e9liorer l\u2019offre et le quotidien des soignants <em>Pilote<\/em><em> <\/em><em>:<\/em><em> <\/em><em>minist\u00e8re<\/em><em> <\/em><em>de<\/em><em> <\/em><em>la<\/em><em> <\/em><em>sant\u00e9<\/em><em><\/em><\/td><td>&nbsp; 3 000<\/td><\/tr><tr><td>&nbsp; &nbsp; 11<\/td><td>Encourager l\u2019utilisation individuelle, l\u2019exp\u00e9rimentation \u00e0 grande \u00e9chelle et l\u2019\u00e9valuation des outils d\u2019IA pour renforcer le service public de l\u2019\u00e9ducation et am\u00e9liorer le quotidien des \u00e9quipes p\u00e9dagogiques <em>Pilote<\/em><em> <\/em><em>:<\/em><em> <\/em><em>minist\u00e8re<\/em><em> <\/em><em>de<\/em><em> <\/em><em>l\u2019\u00e9ducation<\/em><em><\/em><\/td><td>&nbsp; &nbsp; 1 000<\/td><\/tr><\/tbody><\/table><\/figure>\n\n\n\n<figure class=\"wp-block-table\"><table><tbody><tr><td>&nbsp;<\/td><td>&nbsp; <img loading=\"lazy\" decoding=\"async\" width=\"2\" height=\"73\" src=\"\">Recommandations<\/td><td>Impact financier en 5 ans (M\u20ac)<\/td><\/tr><tr><td>&nbsp; &nbsp; <img loading=\"lazy\" decoding=\"async\" width=\"2\" height=\"84\" src=\"\">12<\/td><td>Investir massivement dans les entreprises du num\u00e9rique et la transformation des entreprises pour soutenir l\u2019\u00e9cosyst\u00e8me fran\u00e7ais de l\u2019IA et en faire l\u2019un des premiers mondiaux <em>Pilotes<\/em><em> <\/em><em>:<\/em><em> <\/em><em>services<\/em><em> <\/em><em>du<\/em><em> <\/em><em>Premier<\/em><em> <\/em><em>ministre<\/em><em> <\/em><em>;<\/em><em> <\/em><em>minist\u00e8re<\/em><em> <\/em><em>de<\/em><em> <\/em><em>l\u2019\u00e9conomie<\/em><em> <\/em><em>et<\/em><em> <\/em><em>des<\/em><em> <\/em><em>finances<\/em><em><\/em><\/td><td>&nbsp; 3 600<\/td><\/tr><tr><td>&nbsp; &nbsp; 13<\/td><td>Acc\u00e9l\u00e9rer l\u2019\u00e9mergence d\u2019une fili\u00e8re europ\u00e9enne de composants semi-conducteurs adapt\u00e9s aux syst\u00e8mes d\u2019IA <em>Pilotes<\/em><em> <\/em><em>:<\/em><em> <\/em><em>services<\/em><em> <\/em><em>du<\/em><em> <\/em><em>Premier<\/em><em> <\/em><em>ministre<\/em><em> <\/em><em>;<\/em><em> <\/em><em>minist\u00e8re<\/em><em> <\/em><em>de<\/em><em> <\/em><em>l\u2019\u00e9conomie<\/em><em> <\/em><em>;<\/em><em> <\/em><em>minist\u00e8re<\/em><em> <\/em><em>de <\/em><em>l\u2019enseignement sup\u00e9rieur et de la recherche<\/em><em><\/em><\/td><td>&nbsp; 7 700<\/td><\/tr><tr><td>&nbsp; 14<\/td><td>Faire de la France et de l\u2019Europe un p\u00f4le majeur de la puissance de calcul install\u00e9e <em>Pilotes<\/em><em> <\/em><em>:<\/em><em> <\/em><em>services<\/em><em> <\/em><em>du<\/em><em> <\/em><em>Premier<\/em><em> <\/em><em>ministre<\/em><em> <\/em><em>;<\/em><em> <\/em><em>minist\u00e8re<\/em><em> <\/em><em>de<\/em><em> <\/em><em>l\u2019\u00e9conomie<\/em><em> <\/em><em>et<\/em><em> <\/em><em>des<\/em><em> <\/em><em>finances<\/em><em><\/em><\/td><td>&nbsp; 1 000<\/td><\/tr><tr><td>&nbsp; 15<\/td><td>Transformer notre approche de la donn\u00e9e personnelle pour mieux innover <em>Pilote<\/em><em> <\/em><em>:<\/em><em> <\/em><em>services<\/em><em> <\/em><em>du<\/em><em> <\/em><em>Premier<\/em><em> <\/em><em>ministre<\/em><em> <\/em><em>;<\/em><em> <\/em><em>minist\u00e8re<\/em><em> <\/em><em>de<\/em><em> <\/em><em>la<\/em><em> <\/em><em>justice<\/em><em><\/em><\/td><td>&nbsp; 16<\/td><\/tr><tr><td>&nbsp; &nbsp; 16<\/td><td>Mettre en place une infrastructure technique favorisant la mise en relation entre les d\u00e9veloppeurs d\u2019IA et les d\u00e9tenteurs de donn\u00e9es culturelles patrimoniales <em>Pilote<\/em><em> <\/em><em>:<\/em><em> <\/em><em>minist\u00e8re<\/em><em> <\/em><em>de<\/em><em> <\/em><em>la<\/em><em> <\/em><em>culture<\/em><em> <\/em><em>et<\/em><em> <\/em><em>ses<\/em><em> <\/em><em>op\u00e9rateurs<\/em><em><\/em><\/td><td>&nbsp; 35<\/td><\/tr><tr><td>&nbsp; &nbsp; 17<\/td><td>Mettre en \u0153uvre et \u00e9valuer les obligations de transparence pr\u00e9vues par le r\u00e8glement europ\u00e9en sur l\u2019IA en encourageant le d\u00e9veloppement de standards et d\u2019une infrastructure adapt\u00e9e <em>Pilote : minist\u00e8re de la culture<\/em><em><\/em><\/td><td>&nbsp; 0<\/td><\/tr><tr><td>&nbsp; &nbsp; 18<\/td><td>Attirer et retenir des talents de stature internationale avec des comp\u00e9tences scientifiques ou entrepreneuriales et manag\u00e9riales dans le domaine de l\u2019IA <em>Pilote<\/em><em> <\/em><em>:<\/em><em> <\/em><em>minist\u00e8re<\/em><em> <\/em><em>de<\/em><em> <\/em><em>l\u2019\u00e9conomie<\/em><em> <\/em><em>;<\/em><em> <\/em><em>minist\u00e8re<\/em><em> <\/em><em>des<\/em><em> <\/em><em>affaires<\/em><em> <\/em><em>\u00e9trang\u00e8res<\/em><em><\/em><\/td><td>&nbsp; 10<\/td><\/tr><tr><td>&nbsp; &nbsp; 19<\/td><td>Assumer le principe d\u2019une \u00ab Exception IA \u00bb sous la forme d\u2019une exp\u00e9rimentation dans la recherche publique pour en renforcer l\u2019attractivit\u00e9 <em>Pilote<\/em><em> <\/em><em>:<\/em><em> <\/em><em>minist\u00e8re<\/em><em> <\/em><em>de<\/em><em> <\/em><em>l\u2019enseignement<\/em><em> <\/em><em>sup\u00e9rieur<\/em><em> <\/em><em>et<\/em><em> <\/em><em>de<\/em><em> <\/em><em>la<\/em><em> <\/em><em>recherche<\/em><em><\/em><\/td><td>&nbsp; 1 025<\/td><\/tr><tr><td>&nbsp; &nbsp; 20<\/td><td>Inciter, faciliter et amplifier le recours aux outils d\u2019IA dans l\u2019\u00e9conomie fran\u00e7aise en favorisant l\u2019usage de solutions europ\u00e9ennes <em>Pilote<\/em><em> <\/em><em>:<\/em><em> <\/em><em>services<\/em><em> <\/em><em>du<\/em><em> <\/em><em>Premier<\/em><em> <\/em><em>ministre<\/em><em> <\/em><em>;<\/em><em> <\/em><em>minist\u00e8re<\/em><em> <\/em><em>de<\/em><em> <\/em><em>l\u2019\u00e9conomie<\/em><em><\/em><\/td><td>&nbsp; 2 600<\/td><\/tr><tr><td>&nbsp; &nbsp; 21<\/td><td>Faciliter l\u2019appropriation et l\u2019acc\u00e9l\u00e9ration des usages de l\u2019IA dans la culture et les m\u00e9dias pour limiter la polarisation entre grands groupes et petits acteurs et lutter contre la d\u00e9sinformation <em>Pilote<\/em><em> <\/em><em>:<\/em><em> <\/em><em>minist\u00e8re<\/em><em> <\/em><em>de<\/em><em> <\/em><em>la<\/em><em> <\/em><em>culture<\/em><em><\/em><\/td><td>&nbsp; 60<\/td><\/tr><tr><td>&nbsp; &nbsp; 22<\/td><td>Structurer une initiative diplomatique coh\u00e9rente et concr\u00e8te visant la fondation d\u2019une gouvernance mondiale de l\u2019IA <em>Pilote : minist\u00e8re des affaires \u00e9trang\u00e8res ; minist\u00e8re de la culture ; minist\u00e8re de <\/em><em>l\u2019\u00e9conomie<\/em><em><\/em><\/td><td>&nbsp; 300<\/td><\/tr><\/tbody><\/table><\/figure>\n\n\n\n<figure class=\"wp-block-table\"><table><tbody><tr><td colspan=\"2\">&nbsp; Recommandations<\/td><td>Impact financier en 5 ans (M\u20ac)<\/td><\/tr><tr><td>&nbsp; &nbsp; 23<\/td><td>Structurer d\u00e8s maintenant un puissant \u00e9cosyst\u00e8me national de gouvernance de l\u2019IA <em>Pilotes<\/em><em> <\/em><em>:<\/em><em> <\/em><em>services<\/em><em> <\/em><em>du<\/em><em> <\/em><em>Premier<\/em><em> <\/em><em>ministre,<\/em><em> <\/em><em>minist\u00e8re<\/em><em> <\/em><em>de<\/em><em> <\/em><em>l\u2019\u00e9conomie,<\/em><em> <\/em><em>minist\u00e8re<\/em><em> <\/em><em>de<\/em><em> <\/em><em>la <\/em><em>recherche<\/em><em><\/em><\/td><td>&nbsp; 5<\/td><\/tr><tr><td>&nbsp; &nbsp; 24<\/td><td>Doter la France et l\u2019Europe d\u2019un \u00e9cosyst\u00e8me d\u2019\u00e9valuation public et priv\u00e9 des syst\u00e8mes d\u2019IA au plus proche des usages et des derniers d\u00e9veloppements technologiques <em>Pilotes<\/em><em> <\/em><em>:<\/em><em> <\/em><em>minist\u00e8re<\/em><em> <\/em><em>de<\/em><em> <\/em><em>l\u2019\u00e9conomie<\/em><em> <\/em><em>et<\/em><em> <\/em><em>des<\/em><em> <\/em><em>finances<\/em><em><\/em><\/td><td>&nbsp; 15<\/td><\/tr><tr><td>&nbsp; 25<\/td><td>Anticiper les concentrations de march\u00e9 sur l\u2019ensemble de la cha\u00eene de valeur de l\u2019intelligence artificielle <em>Pilote<\/em><em> <\/em><em>:<\/em><em> <\/em><em>minist\u00e8re<\/em><em> <\/em><em>de<\/em><em> <\/em><em>l\u2019\u00e9conomie<\/em><em><\/em><\/td><td>&nbsp; 0<\/td><\/tr><tr><td colspan=\"2\">Ensemble du plan<\/td><td>27 Md\u20ac<\/td><\/tr><\/tbody><\/table><\/figure>\n\n\n\n<p>Le rapport complet sur <a href=\"https:\/\/www.gouvernement.fr\/actualite\/25-recommandations-pour-lia-en-france\" target=\"_blank\" rel=\"noopener\">l&rsquo;intelligence artificielle : notre ambition pour la France est sur le site du Gouvernement<\/a>.<\/p>\n","protected":false},"excerpt":{"rendered":"<p>Cette commission fut constitu\u00e9e en septembre 2023 par Elisabeth Borne. Mme Anne Bouverot (Pr\u00e9sidente du CA de l&rsquo;ENS) et M. Philippe Aghion (Professeur au Coll\u00e8ge de France) l&rsquo;ont pr\u00e9sid\u00e9e. La commission de l&rsquo;Intelligence Artificielle a mobilis\u00e9 13 experts de l&rsquo;IA : Gilles Babinet, Jo\u00eblle Barral, Alexandra Bensamoun, Nozha Boujemaa, Bernard Charl\u00e8s, Luc Julia, Yann Le Cun, Arthur Mensch, C\u00e9dric O, Isabel Ryl, Franca Salis-Madinier, Martin Tisn\u00e9, et Ga\u00ebl Varoquaux. La commission a \u00e9t\u00e9 appuy\u00e9e par de nombreux rapporteurs, dont deux g\u00e9n\u00e9raux : Cyprien Canivenc et Arno Amabile. Saluons le travail de ces femmes et de ces hommes qui ont auditionn\u00e9 600 experts et parties prenantes de l&rsquo;IA, analys\u00e9 la consultation citoyenne IA sur Agora, op\u00e9r\u00e9 23 s\u00e9ances pl\u00e9ni\u00e8res de travail pour formuler 25 recommandations au gouvernement pour un investissement de 27.4 milliards d&rsquo;euros sur 5 ans, structur\u00e9 en 6 th\u00e8mes cl\u00e9s. Bravo ! <\/p>\n<p>Le rapport est clair, bien structur\u00e9, tr\u00e8s bien document\u00e9 et sourc\u00e9 avec une analyse fine et \u00e9quilibr\u00e9e de nombreuses questions cl\u00e9s. Il constitue une base de travail importante pour tout d\u00e9cideur (public ou priv\u00e9) qui souhaite s&#8217;emparer de ce sujet. Une excellente premi\u00e8re \u00e9tape pour informer et former tous les citoyens de notre pays ! J&rsquo;ai eu l&rsquo;occasion d&rsquo;\u00e9changer r\u00e9guli\u00e8rement avec certains membres et suis particuli\u00e8rement heureux de voir quelques id\u00e9es reprises, contextualis\u00e9es et amplifi\u00e9es ! Maintenant passons \u00e0 l&rsquo;action ensemble&#8230; <\/p>\n","protected":false},"author":1,"featured_media":190,"comment_status":"open","ping_status":"open","sticky":false,"template":"","format":"standard","meta":{"footnotes":""},"categories":[45],"tags":[82,81,49],"class_list":["post-188","post","type-post","status-publish","format-standard","has-post-thumbnail","hentry","category-actualites-de-lia","tag-commission","tag-gouvernement","tag-ia"],"_links":{"self":[{"href":"https:\/\/alain.goudey.eu\/side\/wp-json\/wp\/v2\/posts\/188","targetHints":{"allow":["GET"]}}],"collection":[{"href":"https:\/\/alain.goudey.eu\/side\/wp-json\/wp\/v2\/posts"}],"about":[{"href":"https:\/\/alain.goudey.eu\/side\/wp-json\/wp\/v2\/types\/post"}],"author":[{"embeddable":true,"href":"https:\/\/alain.goudey.eu\/side\/wp-json\/wp\/v2\/users\/1"}],"replies":[{"embeddable":true,"href":"https:\/\/alain.goudey.eu\/side\/wp-json\/wp\/v2\/comments?post=188"}],"version-history":[{"count":5,"href":"https:\/\/alain.goudey.eu\/side\/wp-json\/wp\/v2\/posts\/188\/revisions"}],"predecessor-version":[{"id":198,"href":"https:\/\/alain.goudey.eu\/side\/wp-json\/wp\/v2\/posts\/188\/revisions\/198"}],"wp:featuredmedia":[{"embeddable":true,"href":"https:\/\/alain.goudey.eu\/side\/wp-json\/wp\/v2\/media\/190"}],"wp:attachment":[{"href":"https:\/\/alain.goudey.eu\/side\/wp-json\/wp\/v2\/media?parent=188"}],"wp:term":[{"taxonomy":"category","embeddable":true,"href":"https:\/\/alain.goudey.eu\/side\/wp-json\/wp\/v2\/categories?post=188"},{"taxonomy":"post_tag","embeddable":true,"href":"https:\/\/alain.goudey.eu\/side\/wp-json\/wp\/v2\/tags?post=188"}],"curies":[{"name":"wp","href":"https:\/\/api.w.org\/{rel}","templated":true}]}}