{"id":270,"date":"2024-12-10T06:02:00","date_gmt":"2024-12-10T05:02:00","guid":{"rendered":"https:\/\/alain.goudey.eu\/side\/?p=270"},"modified":"2024-12-05T23:02:50","modified_gmt":"2024-12-05T22:02:50","slug":"mes-5-propositions-pour-developper-les-ia-en-france","status":"publish","type":"post","link":"https:\/\/alain.goudey.eu\/side\/2024\/12\/10\/mes-5-propositions-pour-developper-les-ia-en-france\/","title":{"rendered":"Mes 5 propositions pour d\u00e9velopper les IA en France"},"content":{"rendered":"\n<p>Dans mon pr\u00e9c\u00e9dent article qui portait sur l&rsquo;analyse du rapport \u00ab\u00a0ChatGPT, et apr\u00e8s\u00a0\u00bb, j&rsquo;\u00e9voquais de me risquer \u00e0 l&rsquo;exercice de faire des propositions. Alors fort des tr\u00e8s nombreux \u00e9changes que j&rsquo;ai pu avoir en France et \u00e0 l&rsquo;international sur le sujet. Je vous livre 5 propositions pour faire bouger les lignes en France autour des intelligences artificielles dans les deux ans. <\/p>\n\n\n\n<h2 class=\"wp-block-heading\"><strong>Proposition 1 :<\/strong> <strong>Acc\u00e9l\u00e9rer la formation continue sur l\u2019IA pour les actifs en emploi &#8211; IA pour tous<\/strong><\/h2>\n\n\n\n<p>Pour garantir que la France reste comp\u00e9titive dans un monde o\u00f9 l\u2019intelligence artificielle (IA) red\u00e9finit les pratiques professionnelles, nous devons prioriser la formation continue pour les actifs. Les salari\u00e9s et entrepreneurs des PME\/ETI, en particulier, peinent \u00e0 adopter des outils d\u2019IA par manque de comp\u00e9tences en interne. Les grands groupes sont un peu moins touch\u00e9s, m\u00eame si des difficult\u00e9s d&rsquo;adoption et d&rsquo;appropriation seront fortement pr\u00e9sentes compte tenu de la taille des organisations.<\/p>\n\n\n\n<p>L&rsquo;id\u00e9e c&rsquo;est de proposer un programme national baptis\u00e9 <strong>\u00ab\u00a0IA pour tous : booster vos comp\u00e9tences\u00a0\u00bb<\/strong>, ax\u00e9 sur des formations courtes et pragmatiques (et non longues et \u00e9litistes telles que ce qui est d\u00e9ploy\u00e9 actuellement) :<\/p>\n\n\n\n<ul class=\"wp-block-list\">\n<li><strong>Modules propos\u00e9s :<\/strong> Automatisation des t\u00e2ches, cr\u00e9ation de tableaux de bord intelligents, optimisation des processus gr\u00e2ce \u00e0 des IA pr\u00e9form\u00e9es (comme les outils de transcription ou d\u2019analyse d\u2019image), aide au prototypage rapide, automatisation de communication, gestion de la relation client, am\u00e9lioration continue et entra\u00eenement (sur des comp\u00e9tences m\u00e9tiers) \u00e0 base d&rsquo;IA, etc.<\/li>\n\n\n\n<li><strong>Plateformes :<\/strong> Ces formations pourraient \u00eatre accessibles sur des plateformes reconnues comme <strong>Mon Compte Formation<\/strong>, avec une certification \u00e0 la cl\u00e9 en s&rsquo;appuyant sur le savoir-faire de quelques \u00e9tablissements d\u00e9j\u00e0 en pointe sur ce type de sujet.<\/li>\n\n\n\n<li><strong>Exemple concret :<\/strong> Une PME de logistique pourrait former ses employ\u00e9s \u00e0 l\u2019utilisation de logiciels d\u2019optimisation de tourn\u00e9es bas\u00e9s sur l\u2019IA, \u00e9conomisant ainsi 20 % de temps et de carburant. C&rsquo;est green, \u00e7a fait gagner de la performance et rend la PME plus comp\u00e9titive.<\/li>\n<\/ul>\n\n\n\n<p>Cela aurait pour impact de d\u00e9mocratiser l\u2019IA dans les entreprises fran\u00e7aises en visant un pool de 500 000 professionnels pour leur faire acqu\u00e9rir des comp\u00e9tences IA d\u2019ici 2027. Un pari essentiel pour renforcer la comp\u00e9titivit\u00e9 des entreprises locales et densifier notre tissu \u00e9conomique. L&rsquo;objectif serait de ne pas \u00eatre d\u00e9pendant des acteurs technologiques pour op\u00e9rer ces formations.<\/p>\n\n\n\n<h2 class=\"wp-block-heading\"><strong>Proposition 2 : Cr\u00e9er un fonds souverain pour financer des projets strat\u00e9giques d\u2019IA<\/strong><\/h2>\n\n\n\n<p>La souverainet\u00e9 num\u00e9rique ne peut \u00eatre assur\u00e9e sans un financement cibl\u00e9 des projets cl\u00e9s, majeurs et transformatifs. Ce second axe vise \u00e0 lancer un <strong>\u00ab\u00a0Fonds IA Souveraine\u00a0\u00bb<\/strong>, dot\u00e9 de cinq milliard d\u2019euros sur cinq ans, d\u00e9di\u00e9 \u00e0 des initiatives (r\u00e9ellement) strat\u00e9giques.<\/p>\n\n\n\n<ul class=\"wp-block-list\">\n<li><strong>Domaines prioritaires :<\/strong> IA pour la sant\u00e9 (diagnostics augment\u00e9s, IA pr\u00e9dictive), cybers\u00e9curit\u00e9 (protection des donn\u00e9es critiques), agriculture de pr\u00e9cision (r\u00e9duction des intrants), \u00e9ducation (car oui il faut investir sur les futures g\u00e9n\u00e9rations, les r\u00e9sultats actuels en maths et en fran\u00e7ais sont peu acceptables), r\u00e9industrialisation sur les industries de demain (batteries, puces, calculateurs, etc.) en profitant d&rsquo;un mix \u00e9nerg\u00e9tique r\u00e9solument bas carbone.<\/li>\n\n\n\n<li><strong>Exemple concret :<\/strong> Dans la sant\u00e9, financer une startup fran\u00e7aise qui utilise l\u2019IA pour d\u00e9tecter les signes pr\u00e9coces de maladies neurod\u00e9g\u00e9n\u00e9ratives via des scanners IRM. En ciblant les grandes causes de mortalit\u00e9 (tumeurs malignes, maladies cardiovasculaires, maladies respiratoires)<\/li>\n\n\n\n<li><strong>Financement mixte :<\/strong> Apporter des fonds publics (60 %) et mobiliser des investisseurs priv\u00e9s (40 %) pour assurer la p\u00e9rennit\u00e9 du fonds.<\/li>\n<\/ul>\n\n\n\n<p><strong>Impact attendu :<\/strong> Cr\u00e9er un champion technologique d\u2019ici 2027 par secteur, capables de concurrencer les GAFAM dans ces niches sp\u00e9cifiques, tout en assurant l\u2019ind\u00e9pendance num\u00e9rique de la France sur des enjeux majeurs.<\/p>\n\n\n\n<h2 class=\"wp-block-heading\"><strong>Proposition 3 : D\u00e9velopper des plateformes ouvertes pour des bases de donn\u00e9es culturelles et scientifiques<\/strong><\/h2>\n\n\n\n<p>L\u2019uniformisation linguistique et culturelle menace la diversit\u00e9 de pens\u00e9e, dans le domaine de la cr\u00e9ation, et de la recherche. La France devrait cr\u00e9er une plateforme publique francophone, ouverte \u00e0 tous les pays francophones, <strong>\u00ab\u00a0Open Data IA France\u00a0\u00bb<\/strong>, regroupant des bases de donn\u00e9es culturelles et scientifiques pour entra\u00eener des IA localis\u00e9s avec notre culture, notre vision du monde, nos sch\u00e9mas de pens\u00e9e pour r\u00e9soudre plus sp\u00e9cifiquement nos probl\u00e8mes tels que nous les formulons.<\/p>\n\n\n\n<ul class=\"wp-block-list\">\n<li><strong>Exemples de donn\u00e9es :<\/strong> Textes litt\u00e9raires (via la BNF), archives audiovisuelles (via l\u2019INA), recherches scientifiques en open access. La structuration de grandes bases de donn\u00e9es ouvertes et de mani\u00e8re transparente est un enjeu majeur pour alimenter les mod\u00e8les d&rsquo;IA.<\/li>\n\n\n\n<li><strong>API ouvertes :<\/strong> Offrir des interfaces de programmation accessibles aux startups et universit\u00e9s pour utiliser ces donn\u00e9es gratuitement ou \u00e0 moindre co\u00fbt et favoriser l&rsquo;\u00e9mergence de services et outils nouveaux sp\u00e9cifiques \u00e0 notre culture.<\/li>\n<\/ul>\n\n\n\n<p>Cela enrichira l&rsquo;offre de mod\u00e8les IA avec des mod\u00e8les que nous \u00ab\u00a0comprendrons intrins\u00e8quement mieux\u00a0\u00bb.<\/p>\n\n\n\n<p><strong>Impact attendu :<\/strong> Permettre \u00e0 1000 projets d&rsquo;ici 2027 de b\u00e9n\u00e9ficier de donn\u00e9es enrichies, tout en renfor\u00e7ant l\u2019utilisation de la langue fran\u00e7aise et la diversit\u00e9 culturelle dans le num\u00e9rique (et dans le monde).<\/p>\n\n\n\n<h2 class=\"wp-block-heading\"><strong>Proposition 4 : Int\u00e9grer l\u2019\u00e9ducation au num\u00e9rique d\u00e8s le primaire et \u00e0 l&rsquo;IA \u00e0 partir du secondaire<\/strong><\/h2>\n\n\n\n<p>Au primaire, il serait temps de former au num\u00e9rique, \u00e0 ses forces, \u00e0 ses travers sous forme d&rsquo;une culture \u00ab\u00a0g\u00e9n\u00e9rale\u00a0\u00bb du num\u00e9rique. De nombreux sujets pourraient \u00eatre abord\u00e9s : comment fonctionne un ordinateur, un t\u00e9l\u00e9phone portable, un r\u00e9seau social, un algorithme de recommandation, un syst\u00e8me de s\u00e9curisation par mot de passe, les aspects d&rsquo;addiction dans le num\u00e9rique. Comment v\u00e9rifier l&rsquo;information num\u00e9rique, la valider, se m\u00e9fier, etc. Bref acqu\u00e9rir t\u00f4t les (bons) r\u00e9flexes d&rsquo;un (bon) usage du num\u00e9rique ! Cet effort pourrait \u00eatre soutenu en incitant le service public \u00e0 produire des contenus grands publics sur ces sujets pour la TV, la Radio et surtout les r\u00e9seaux sociaux (TikTok, Insta en t\u00eate). Ce socle de culture g\u00e9n\u00e9rale du num\u00e9rique est indispensable avant de passer \u00e0 l&rsquo;usage de l&rsquo;IA&#8230; PIX n&rsquo;y r\u00e9pond pas car il repose sur la pratique et la micro-comp\u00e9tence et non sur la vision globale.<\/p>\n\n\n\n<p>L\u2019intelligence artificielle est d\u00e9j\u00e0 omnipr\u00e9sente dans nos vies. L&rsquo;id\u00e9e c&rsquo;est d\u2019int\u00e9grer un module d\u00e9di\u00e9 \u00e0 l\u2019IA dans les programmes scolaires, d\u00e8s le coll\u00e8ge, pour pr\u00e9parer les g\u00e9n\u00e9rations futures. L\u00e0 encore, PIX ne r\u00e9pond pas \u00e0 ce besoin plus sp\u00e9cifique sur l&rsquo;IA. Pour cela, il conviendra de former aussi le corps professoral au coll\u00e8ge et lyc\u00e9e afin d&rsquo;amplifier les efforts de Canop\u00e9.<\/p>\n\n\n\n<ul class=\"wp-block-list\">\n<li><strong>Contenu :<\/strong> Enseigner la pens\u00e9e algorithmique (comment les IA fonctionnent), accompagner des projets pratiques (ex. programmation de robots) et surtout sensibiliser aux enjeux \u00e9thiques de l\u2019IA.<\/li>\n\n\n\n<li><strong>Exemple concret :<\/strong> Au coll\u00e8ge, les \u00e9l\u00e8ves pourraient apprendre \u00e0 jouer avec des mod\u00e8les IA (amplifier l&rsquo;approche de Vittascience par exemple), interagir avec des chatbots, construire des chatbots, entra\u00eener des mod\u00e8les d&rsquo;IA, coder des IA simples. C&rsquo;est en les mettant en contact dans un cadre s\u00e9curis\u00e9 et s\u00e9curisant qu&rsquo;on peut leur faire acqu\u00e9rir les bons r\u00e9flexes et les bons questionnements sur le sujet. La communaut\u00e9 acad\u00e9mique et scolaire a un r\u00f4le majeur \u00e0 jouer dans le dispositif.<\/li>\n\n\n\n<li><strong>Formation des enseignants :<\/strong> Former 50 000 professeurs d&rsquo;ici \u00e0 2027 pour assurer la qualit\u00e9 et la diffusion des cours. Ces formations pourraient s&rsquo;op\u00e9rer par des plateformes pour acqu\u00e9rir les basiques avant de mettre sur pied des communaut\u00e9s de pratiques au sein des Acad\u00e9mies ou des rectorats. Pourquoi ne pas orienter les fameux cours de technologie sur ce type de sujets ?! <\/li>\n<\/ul>\n\n\n\n<p><strong>Impact attendu :<\/strong> Une jeunesse mieux arm\u00e9e face aux d\u00e9fis num\u00e9riques, avec une culture technologique plus forte qui permettra une meilleure adaptation aux m\u00e9tiers de demain qui vont se transformer \u00e0 l&rsquo;\u00e9chelle d&rsquo;une vie humaine sous l&rsquo;impulsion du num\u00e9rique et de l&rsquo;IA.<\/p>\n\n\n\n<h2 class=\"wp-block-heading\"><strong>Proposition 5 : Cr\u00e9er un indice de confiance IA certifi\u00e9 par l\u2019\u00c9tat<\/strong><\/h2>\n\n\n\n<p>Les citoyens et entreprises adoptent les technologies IA avec m\u00e9fiance, souvent en raison du manque de transparence et par m\u00e9connaissance. La proposition est de cr\u00e9er un label <strong>\u00ab\u00a0Confiance IA France\u00a0\u00bb<\/strong>, garantissant des normes d\u2019\u00e9thique et de durabilit\u00e9 qui permettrait d&rsquo;acc\u00e9l\u00e9rer drastiquement la conformit\u00e9 avec le r\u00e8glement IA (AI Act) pour les organisations les plus petites ou sans r\u00e9elle comp\u00e9tence technico-juridiques. Il \u00e9viterait \u00e0 chacun de devoir faire les analyses par soi m\u00eame et serait un vrai facteur d&rsquo;acc\u00e9l\u00e9ration de l&rsquo;adoption.<\/p>\n\n\n\n<ul class=\"wp-block-list\">\n<li>Ce label prendrait en compte quelques crit\u00e8res majeurs comme la transparence des algorithmes, l&rsquo;\u00e9valuation des biais, l&#8217;empreinte carbone des mod\u00e8les, la conformit\u00e9 RGPD \/ AI Act.<\/li>\n\n\n\n<li><strong>Exemple concret :<\/strong> Une plateforme de recrutement utilisant l\u2019IA labellis\u00e9e pourrait elle-m\u00eame obtenir ce label apr\u00e8s avoir prouv\u00e9 que ses outils s&rsquo;appuient sur des mod\u00e8les labellis\u00e9s et qu&rsquo;ils n&rsquo;introduisent pas d&rsquo;autres biais dans les algorithmes qui font appel \u00e0 l&rsquo;IA. <\/li>\n\n\n\n<li><strong>Avantages :<\/strong> Offrir des incitations fiscales aux entreprises labellis\u00e9es pour faire l&rsquo;effort de transparence et faciliter le d\u00e9ploiement du r\u00e8glement IA sur le terrain, tout en imposant cette certification dans les march\u00e9s publics afin d&rsquo;atteindre rapidement cet effet d\u00e9multiplicateur.<\/li>\n<\/ul>\n\n\n\n<p><strong>Impact attendu :<\/strong> Accro\u00eetre la confiance dans les technologies IA, favorisant leur adoption tout en positionnant la France comme un leader \u00e9thique dans l\u2019\u00e9cosyst\u00e8me technologique mondial.<\/p>\n\n\n\n<p><\/p>\n\n\n\n<p>Ces propositions concr\u00e8tes r\u00e9pondent \u00e0 mon sens aux enjeux les plus imm\u00e9diats de l\u2019IA en France : formation, (d\u00e9but de) souverainet\u00e9, rayonnement culturel, \u00e9ducation et confiance. En les mettant en \u0153uvre, la France pourrait non seulement acc\u00e9l\u00e9rer l\u2019adoption de l\u2019IA mais aussi affirmer son leadership dans le paysage technologique global. Certaines propositions sont d&rsquo;ailleurs balbutiantes (Les POC AI Booster de BPI) et n&rsquo;ont qu&rsquo;\u00e0 \u00eatre \u00ab\u00a0amplifi\u00e9es\u00a0\u00bb finalement (plut\u00f4t qu&rsquo;arr\u00eat\u00e9es d&rsquo;ailleurs).<\/p>\n","protected":false},"excerpt":{"rendered":"<p>Dans mon pr\u00e9c\u00e9dent article qui portait sur l&rsquo;analyse du rapport \u00ab\u00a0ChatGPT, et apr\u00e8s\u00a0\u00bb, j&rsquo;\u00e9voquais de me risquer \u00e0 l&rsquo;exercice de faire des propositions. Alors fort &hellip; <\/p>\n","protected":false},"author":1,"featured_media":271,"comment_status":"open","ping_status":"open","sticky":false,"template":"","format":"standard","meta":{"footnotes":""},"categories":[94],"tags":[51,95,49,93],"class_list":["post-270","post","type-post","status-publish","format-standard","has-post-thumbnail","hentry","category-politique-publique-de-lia","tag-ai","tag-france","tag-ia","tag-propositions"],"_links":{"self":[{"href":"https:\/\/alain.goudey.eu\/side\/wp-json\/wp\/v2\/posts\/270","targetHints":{"allow":["GET"]}}],"collection":[{"href":"https:\/\/alain.goudey.eu\/side\/wp-json\/wp\/v2\/posts"}],"about":[{"href":"https:\/\/alain.goudey.eu\/side\/wp-json\/wp\/v2\/types\/post"}],"author":[{"embeddable":true,"href":"https:\/\/alain.goudey.eu\/side\/wp-json\/wp\/v2\/users\/1"}],"replies":[{"embeddable":true,"href":"https:\/\/alain.goudey.eu\/side\/wp-json\/wp\/v2\/comments?post=270"}],"version-history":[{"count":1,"href":"https:\/\/alain.goudey.eu\/side\/wp-json\/wp\/v2\/posts\/270\/revisions"}],"predecessor-version":[{"id":272,"href":"https:\/\/alain.goudey.eu\/side\/wp-json\/wp\/v2\/posts\/270\/revisions\/272"}],"wp:featuredmedia":[{"embeddable":true,"href":"https:\/\/alain.goudey.eu\/side\/wp-json\/wp\/v2\/media\/271"}],"wp:attachment":[{"href":"https:\/\/alain.goudey.eu\/side\/wp-json\/wp\/v2\/media?parent=270"}],"wp:term":[{"taxonomy":"category","embeddable":true,"href":"https:\/\/alain.goudey.eu\/side\/wp-json\/wp\/v2\/categories?post=270"},{"taxonomy":"post_tag","embeddable":true,"href":"https:\/\/alain.goudey.eu\/side\/wp-json\/wp\/v2\/tags?post=270"}],"curies":[{"name":"wp","href":"https:\/\/api.w.org\/{rel}","templated":true}]}}