{"id":433,"date":"2025-09-14T07:17:00","date_gmt":"2025-09-14T05:17:00","guid":{"rendered":"https:\/\/alain.goudey.eu\/side\/?p=433"},"modified":"2025-09-13T17:09:39","modified_gmt":"2025-09-13T15:09:39","slug":"regulation-de-lia-en-france-une-gouvernance-multi-acteurs-entre-promesse-et-complexite","status":"publish","type":"post","link":"https:\/\/alain.goudey.eu\/side\/2025\/09\/14\/regulation-de-lia-en-france-une-gouvernance-multi-acteurs-entre-promesse-et-complexite\/","title":{"rendered":"R\u00e9gulation de l\u2019IA en France : une gouvernance multi-acteurs, entre promesse et complexit\u00e9"},"content":{"rendered":"\n<h2 class=\"wp-block-heading\">La r\u00e9gulation de l&rsquo;IA se concr\u00e9tise en France<\/h2>\n\n\n\n<p>L\u2019Europe a franchi un cap d\u00e9cisif avec l\u2019adoption du r\u00e8glement (UE) 2024\/1689 sur l\u2019intelligence artificielle. Premier texte de cette ampleur au monde, il organise les usages de l\u2019IA selon une logique de gestion des risques : certaines pratiques sont interdites, d\u2019autres strictement encadr\u00e9es, et la grande majorit\u00e9 tol\u00e9r\u00e9es sous conditions.<\/p>\n\n\n\n<p>La France, pour appliquer ce r\u00e8glement, a choisi une voie pragmatique : confier la surveillance non pas \u00e0 une autorit\u00e9 unique, mais \u00e0 une constellation d\u2019organismes d\u00e9j\u00e0 comp\u00e9tents dans leur domaine. La Direction g\u00e9n\u00e9rale de la concurrence, de la consommation et de la r\u00e9pression des fraudes (DGCCRF) coordonnera l\u2019ensemble, tandis que la Direction g\u00e9n\u00e9rale des entreprises (DGE) assurera le lien strat\u00e9gique avec Bruxelles.<\/p>\n\n\n\n<figure class=\"wp-block-image size-large\"><img loading=\"lazy\" decoding=\"async\" width=\"1024\" height=\"707\" src=\"https:\/\/alain.goudey.eu\/side\/wp-content\/uploads\/2025\/09\/schema-gouvernance-autorites-surveillance-marche-IA-1024x707.png\" alt=\"R\u00e9gulation de l'IA\" class=\"wp-image-434\" srcset=\"https:\/\/alain.goudey.eu\/side\/wp-content\/uploads\/2025\/09\/schema-gouvernance-autorites-surveillance-marche-IA-1024x707.png 1024w, https:\/\/alain.goudey.eu\/side\/wp-content\/uploads\/2025\/09\/schema-gouvernance-autorites-surveillance-marche-IA-300x207.png 300w, https:\/\/alain.goudey.eu\/side\/wp-content\/uploads\/2025\/09\/schema-gouvernance-autorites-surveillance-marche-IA-768x530.png 768w, https:\/\/alain.goudey.eu\/side\/wp-content\/uploads\/2025\/09\/schema-gouvernance-autorites-surveillance-marche-IA-1536x1061.png 1536w, https:\/\/alain.goudey.eu\/side\/wp-content\/uploads\/2025\/09\/schema-gouvernance-autorites-surveillance-marche-IA.png 1587w\" sizes=\"auto, (max-width: 1024px) 100vw, 1024px\" \/><figcaption class=\"wp-element-caption\">R\u00e9gulation de l&rsquo;IA<\/figcaption><\/figure>\n\n\n\n<p>Un mod\u00e8le finement pens\u00e9 (tr\u00e8s th\u00e9orique)\u2026 mais qui soul\u00e8ve \u00e0 mon sens plusieurs questions sur sa robustesse et son efficacit\u00e9 r\u00e9elle \u00e0 grande \u00e9chelle (assez d\u00e9connect\u00e9 du terrain).<\/p>\n\n\n\n<h2 class=\"wp-block-heading\">1. Trois cat\u00e9gories, trois niveaux de contr\u00f4le dans la r\u00e9gulation IA<\/h2>\n\n\n\n<h3 class=\"wp-block-heading\">Les pratiques interdites<\/h3>\n\n\n\n<p>Certaines utilisations de l\u2019IA franchissent la ligne rouge et sont bannies sans \u00e9quivoque. Il s\u2019agit des syst\u00e8mes con\u00e7us pour manipuler ou tromper, exploiter la vuln\u00e9rabilit\u00e9 des individus (\u00e2ge, handicap, situation sociale), ou encore mettre en place des syst\u00e8mes de notation sociale. S\u2019y ajoutent des usages sensibles :<\/p>\n\n\n\n<ul class=\"wp-block-list\">\n<li>la police pr\u00e9dictive,<\/li>\n\n\n\n<li>la reconnaissance faciale par moissonnage massif,<\/li>\n\n\n\n<li>l\u2019inf\u00e9rence des \u00e9motions au travail ou \u00e0 l\u2019\u00e9cole,<\/li>\n\n\n\n<li>la cat\u00e9gorisation biom\u00e9trique (opinions politiques, convictions, orientation sexuelle, etc.),<\/li>\n\n\n\n<li>l\u2019identification biom\u00e9trique en temps r\u00e9el \u00e0 des fins r\u00e9pressives.<\/li>\n<\/ul>\n\n\n\n<p>Ces interdictions sont surveill\u00e9es par trois acteurs : la <strong>CNIL<\/strong>, la <strong>DGCCRF<\/strong> et l\u2019<strong>Arcom<\/strong>. Un triptyque cens\u00e9 prot\u00e9ger citoyens et consommateurs face aux d\u00e9rives les plus graves.<\/p>\n\n\n\n<h3 class=\"wp-block-heading\">Les obligations de transparence<\/h3>\n\n\n\n<p>La deuxi\u00e8me strate du r\u00e8glement ne proscrit pas, mais exige la clart\u00e9. Toute IA qui interagit directement avec des humains, qui g\u00e9n\u00e8re du texte, des images, des vid\u00e9os ou des sons, doit informer l\u2019utilisateur. Idem pour les syst\u00e8mes produisant des deepfakes ou cat\u00e9gorisant biom\u00e9triquement des individus : impossible de masquer la machine derri\u00e8re l\u2019illusion.<\/p>\n\n\n\n<p>La mission de contr\u00f4le est partag\u00e9e entre la <strong>DGCCRF<\/strong>, l\u2019<strong>Arcom<\/strong> et la <strong>CNIL<\/strong>, chacune sp\u00e9cialis\u00e9e selon les usages. L\u2019enjeu : \u00e9viter que les citoyens ne confondent humain et machine, ou qu\u2019ils ne soient tromp\u00e9s par un contenu artificiel sans en avoir conscience.<\/p>\n\n\n\n<h3 class=\"wp-block-heading\">Les syst\u00e8mes d\u2019IA \u00e0 haut risque<\/h3>\n\n\n\n<p>C\u2019est ici que le dispositif prend de l\u2019ampleur. Deux annexes structurent le contr\u00f4le :<\/p>\n\n\n\n<ul class=\"wp-block-list\">\n<li><strong>Annexe I<\/strong> : produits d\u00e9j\u00e0 r\u00e9glement\u00e9s (machines industrielles, dispositifs m\u00e9dicaux, \u00e9quipements de s\u00e9curit\u00e9, appareils de gaz, etc.). L\u2019IA int\u00e9gr\u00e9e \u00e0 ces syst\u00e8mes se retrouve automatiquement dans la cat\u00e9gorie \u00ab haut risque \u00bb. Les autorit\u00e9s sectorielles existantes (ANSM, DGPR, DGCCRF, etc.) voient donc leur p\u00e9rim\u00e8tre \u00e9largi.<\/li>\n\n\n\n<li><strong>Annexe III<\/strong> : usages critiques par nature, tels que la biom\u00e9trie, l\u2019\u00e9ducation et la formation professionnelle, l\u2019emploi et la gestion de la main-d\u2019\u0153uvre, la justice, la r\u00e9pression, les infrastructures critiques ou encore les processus d\u00e9mocratiques. Ici, la surveillance repose sur un patchwork d\u2019autorit\u00e9s : la <strong>CNIL<\/strong>, l\u2019<strong>ACPR<\/strong>, la <strong>DGCCRF<\/strong>, l\u2019<strong>Arcom<\/strong>, mais aussi des juridictions comme le Conseil d\u2019\u00c9tat ou la Cour de Cassation.<\/li>\n<\/ul>\n\n\n\n<p>L\u2019id\u00e9e est simple : chaque secteur garde la main sur \u00ab ses \u00bb IA. Une logique sectorielle qui a le m\u00e9rite de l\u2019expertise, mais qui ouvre la porte \u00e0 une fragmentation du pilotage.<\/p>\n\n\n\n<h2 class=\"wp-block-heading\">2. Coordination et appui technique pour la r\u00e9gulation de l&rsquo;IA<\/h2>\n\n\n\n<p>Face \u00e0 cette complexit\u00e9, deux piliers de coordination sont pr\u00e9vus :<\/p>\n\n\n\n<ul class=\"wp-block-list\">\n<li>La <strong>DGCCRF<\/strong> joue le r\u00f4le de chef d\u2019orchestre op\u00e9rationnel et de point de contact unique avec la Commission europ\u00e9enne. Une responsabilit\u00e9 lourde, qui suppose des moyens renforc\u00e9s.<\/li>\n\n\n\n<li>La <strong>DGE<\/strong> assure la coordination strat\u00e9gique, notamment dans les instances europ\u00e9ennes, et veille \u00e0 l\u2019alignement des orientations fran\u00e7aises avec celles de l\u2019UE.<\/li>\n<\/ul>\n\n\n\n<p>\u00c0 ces structures s\u2019ajoutent des appuis techniques :<\/p>\n\n\n\n<ul class=\"wp-block-list\">\n<li>le <strong>PEReN<\/strong> (P\u00f4le d\u2019expertise de la r\u00e9gulation num\u00e9rique),<\/li>\n\n\n\n<li>l\u2019<strong>ANSSI<\/strong> (Agence nationale de la s\u00e9curit\u00e9 des syst\u00e8mes d\u2019information).<\/li>\n<\/ul>\n\n\n\n<p>Leur mission : fournir des socles de comp\u00e9tences partag\u00e9es en IA et cybers\u00e9curit\u00e9, afin d\u2019aider les autorit\u00e9s sectorielles \u00e0 analyser et contr\u00f4ler les syst\u00e8mes d\u2019IA.<\/p>\n\n\n\n<h2 class=\"wp-block-heading\">3. Analyse critique : promesses et angles morts dans la r\u00e9gulation de l&rsquo;IA<\/h2>\n\n\n\n<p>La force du mod\u00e8le fran\u00e7ais est ind\u00e9niable : pr\u00e9cision sectorielle, expertise distribu\u00e9e, proximit\u00e9 avec les acteurs concern\u00e9s. On \u00e9vite le pi\u00e8ge d\u2019une \u00ab super-autorit\u00e9 \u00bb centralis\u00e9e mais d\u00e9connect\u00e9e des r\u00e9alit\u00e9s m\u00e9tiers.<\/p>\n\n\n\n<p>Mais derri\u00e8re cette \u00e9l\u00e9gance th\u00e9orique se cachent trois \u00e9cueils \u00e0 mon sens :<\/p>\n\n\n\n<ol class=\"wp-block-list\">\n<li><strong>La fragmentation du pilotage.<\/strong> Multiplier les autorit\u00e9s, c\u2019est multiplier les risques de doublons, de d\u00e9lais et d\u2019incoh\u00e9rences. Un syst\u00e8me distribu\u00e9 ne fonctionne que si la coordination est fluide et les responsabilit\u00e9s limpides. Or, le sch\u00e9ma actuel pourrait vite ressembler \u00e0 une jungle r\u00e9glementaire.<\/li>\n\n\n\n<li><strong>L\u2019asym\u00e9trie des moyens.<\/strong> La CNIL et la DGCCRF, d\u00e9j\u00e0 surcharg\u00e9es par leurs missions traditionnelles, vont devoir absorber un flux in\u00e9dit de contr\u00f4les IA. Sans renforcement budg\u00e9taire et humain, la r\u00e9gulation restera en partie th\u00e9orique, voire inapplicable \u00e0 grande \u00e9chelle.<\/li>\n\n\n\n<li><strong>L\u2019absence d\u2019une culture partag\u00e9e de l\u2019IA responsable.<\/strong> La r\u00e9gulation ne peut pas se r\u00e9duire \u00e0 des sanctions et des interdictions. Elle doit aussi accompagner, acculturer, cr\u00e9er une dynamique collective. Aujourd\u2019hui, le dispositif reste technocratique, descendant. Il manque une dimension \u00e9ducative et inclusive qui embarquerait entreprises, chercheurs, citoyens et administrations dans une culture vivante de l\u2019IA de confiance.<\/li>\n<\/ol>\n\n\n\n<h2 class=\"wp-block-heading\">Conclusion sur la r\u00e9gulation de l&rsquo;IA en France<\/h2>\n\n\n\n<p>En choisissant la sp\u00e9cialisation sectorielle, la France fait le pari de l\u2019expertise plut\u00f4t que de la centralisation pour sa r\u00e9gulation de l&rsquo;IA. Ce choix est coh\u00e9rent, mais il devra \u00eatre consolid\u00e9 par :<\/p>\n\n\n\n<ul class=\"wp-block-list\">\n<li>des <strong>moyens renforc\u00e9s<\/strong> pour les autorit\u00e9s d\u00e9j\u00e0 fragilis\u00e9es,<\/li>\n\n\n\n<li>une <strong>coordination agile<\/strong> pour \u00e9viter la paralysie,<\/li>\n\n\n\n<li>et surtout, la cr\u00e9ation d\u2019une <strong>culture collective de l\u2019IA responsable<\/strong>.<\/li>\n<\/ul>\n\n\n\n<p>Car la question n\u2019est pas seulement \u00ab qui contr\u00f4le quoi \u00bb, mais \u00ab comment faire vivre l\u2019IA de confiance au quotidien \u00bb. Sans cette appropriation partag\u00e9e, la r\u00e9gulation risque de rester une belle m\u00e9canique th\u00e9orique, mais peu op\u00e9rante face \u00e0 la vitesse de l\u2019innovation.<\/p>\n","protected":false},"excerpt":{"rendered":"<p>La r\u00e9gulation de l&rsquo;IA se concr\u00e9tise en France L\u2019Europe a franchi un cap d\u00e9cisif avec l\u2019adoption du r\u00e8glement (UE) 2024\/1689 sur l\u2019intelligence artificielle. Premier texte &hellip; <\/p>\n","protected":false},"author":1,"featured_media":434,"comment_status":"open","ping_status":"open","sticky":false,"template":"","format":"standard","meta":{"footnotes":""},"categories":[45],"tags":[68,145,144],"class_list":["post-433","post","type-post","status-publish","format-standard","has-post-thumbnail","hentry","category-actualites-de-lia","tag-ai-act","tag-reglement-europeen","tag-regulation-ia"],"_links":{"self":[{"href":"https:\/\/alain.goudey.eu\/side\/wp-json\/wp\/v2\/posts\/433","targetHints":{"allow":["GET"]}}],"collection":[{"href":"https:\/\/alain.goudey.eu\/side\/wp-json\/wp\/v2\/posts"}],"about":[{"href":"https:\/\/alain.goudey.eu\/side\/wp-json\/wp\/v2\/types\/post"}],"author":[{"embeddable":true,"href":"https:\/\/alain.goudey.eu\/side\/wp-json\/wp\/v2\/users\/1"}],"replies":[{"embeddable":true,"href":"https:\/\/alain.goudey.eu\/side\/wp-json\/wp\/v2\/comments?post=433"}],"version-history":[{"count":2,"href":"https:\/\/alain.goudey.eu\/side\/wp-json\/wp\/v2\/posts\/433\/revisions"}],"predecessor-version":[{"id":436,"href":"https:\/\/alain.goudey.eu\/side\/wp-json\/wp\/v2\/posts\/433\/revisions\/436"}],"wp:featuredmedia":[{"embeddable":true,"href":"https:\/\/alain.goudey.eu\/side\/wp-json\/wp\/v2\/media\/434"}],"wp:attachment":[{"href":"https:\/\/alain.goudey.eu\/side\/wp-json\/wp\/v2\/media?parent=433"}],"wp:term":[{"taxonomy":"category","embeddable":true,"href":"https:\/\/alain.goudey.eu\/side\/wp-json\/wp\/v2\/categories?post=433"},{"taxonomy":"post_tag","embeddable":true,"href":"https:\/\/alain.goudey.eu\/side\/wp-json\/wp\/v2\/tags?post=433"}],"curies":[{"name":"wp","href":"https:\/\/api.w.org\/{rel}","templated":true}]}}