{"id":709,"date":"2026-03-17T09:29:02","date_gmt":"2026-03-17T08:29:02","guid":{"rendered":"https:\/\/alain.goudey.eu\/side\/?p=709"},"modified":"2026-03-17T14:32:38","modified_gmt":"2026-03-17T13:32:38","slug":"ia-et-esr-ce-que-la-seconde-edition-de-notre-rendez-vous-revele-sur-la-transformation-du-superieur","status":"publish","type":"post","link":"https:\/\/alain.goudey.eu\/side\/2026\/03\/17\/ia-et-esr-ce-que-la-seconde-edition-de-notre-rendez-vous-revele-sur-la-transformation-du-superieur\/","title":{"rendered":"IA et ESR : ce que la seconde \u00e9dition de notre rendez-vous r\u00e9v\u00e8le sur la transformation du sup\u00e9rieur"},"content":{"rendered":"\n<p>Mardi 10 mars 2026, le Campus de NEOMA \u00e0 Paris accueillait la seconde \u00e9dition de notre rendez-vous d\u00e9di\u00e9 \u00e0 l&rsquo;intelligence artificielle dans l&rsquo;enseignement sup\u00e9rieur et la recherche. Des dizaines de professionnels du secteur ont r\u00e9pondu pr\u00e9sent. Dirigeants d&rsquo;\u00e9tablissements, responsables de la transformation num\u00e9rique, experts de la gouvernance des donn\u00e9es, repr\u00e9sentants institutionnels : la salle refl\u00e9tait la diversit\u00e9 et l&rsquo;exigence du secteur.<\/p>\n\n\n\n<p>L&rsquo;ambition de l&rsquo;\u00e9v\u00e9nement est simple. Partager les regards et les pratiques. Ce qui fonctionne, ce qui r\u00e9siste, ce qui reste \u00e0 construire. Permettre \u00e0 tout l&rsquo;\u00e9cosyst\u00e8me de progresser, ensemble.<\/p>\n\n\n\n<h3 class=\"wp-block-heading\">Une ligne \u00e9ditoriale, des voix multiples<\/h3>\n\n\n\n<p>La journ\u00e9e s&rsquo;est ouverte avec Delphine Manceau, Directrice G\u00e9n\u00e9rale de NEOMA et Pr\u00e9sidente de la Conf\u00e9rence des Grandes \u00c9coles. Son introduction a pos\u00e9 le cadre avec clart\u00e9 : l&rsquo;IA n&rsquo;est plus un horizon \u00e0 pr\u00e9parer. Elle est dans la salle. La question est d\u00e9sormais celle de la transformation collective.<\/p>\n\n\n\n<p>Aur\u00e9lien F\u00e9nard, Directeur de la Transformation Digitale et des donn\u00e9es RH \u00e0 France Travail, a pris le relais pour la keynote d&rsquo;ouverture. Son regard crois\u00e9, entre monde de l&#8217;emploi et enjeux de formation, a donn\u00e9 une perspective pr\u00e9cieuse sur la r\u00e9alit\u00e9 concr\u00e8te du \u00ab\u00a0glissement des comp\u00e9tences\u00a0\u00bb en cours.<\/p>\n\n\n\n<p>Le premier panel a r\u00e9uni trois voix compl\u00e9mentaires. Xavier Caillard, Directeur adjoint \u00e0 la Transformation et aux Services de Mines Paris PSL, a partag\u00e9 une approche pragmatique de la souverainet\u00e9 num\u00e9rique. L\u00e9na Touchard, co-fondatrice de STEM Academy &amp; Women in STEM, a mis en lumi\u00e8re les enjeux de diversit\u00e9 et d&rsquo;inclusion dans un secteur technologique qui reste in\u00e9galitaire. Olivier Wong, VP Num\u00e9rique \u00e0 l&rsquo;Universit\u00e9 de Rennes, a apport\u00e9 le regard d&rsquo;un acteur engag\u00e9 dans la transformation organisationnelle d&rsquo;une grande universit\u00e9 publique.<\/p>\n\n\n\n<p>La pause a permis \u00e0 tous les participants de d\u00e9couvrir les projets IA de NEOMA de mani\u00e8re concr\u00e8te : avatars p\u00e9dagogiques, IA int\u00e9gr\u00e9e aux services, dispositifs de formation. Une d\u00e9monstration par l&rsquo;exemple, coh\u00e9rente avec l&rsquo;esprit de l&rsquo;\u00e9v\u00e9nement.<\/p>\n\n\n\n<h3 class=\"wp-block-heading\">La seconde partie : gouvernance, souverainet\u00e9 et strat\u00e9gie<\/h3>\n\n\n\n<p>Aur\u00e9lie Simard, Directrice G\u00e9n\u00e9rale du Centre d&rsquo;Expertise pour la coop\u00e9ration internationale en IA au GPAI \/ INRIA, a livr\u00e9 une analyse rigoureuse et engag\u00e9e sur la concentration du pouvoir technologique mondial. Un \u00e9clairage g\u00e9opolitique rare, et n\u00e9cessaire.<\/p>\n\n\n\n<p>Le dernier panel a r\u00e9uni trois experts de la conduite du changement. Fatima A\u00efd-Sa\u00efd, Inspectrice G\u00e9n\u00e9rale de l&rsquo;ESR au P\u00f4le Data, IA et Num\u00e9rique, a apport\u00e9 la perspective institutionnelle de l&rsquo;\u00c9tat. Marine Le Fichant, Senior Manager Data &amp; IA chez MC2i, a traduit les enjeux en leviers op\u00e9rationnels concrets. Mattias Mano, Directeur du Centre d&rsquo;Innovation p\u00e9dagogique de l&rsquo;Universit\u00e9 PSL, a partag\u00e9 une exp\u00e9rience de terrain pr\u00e9cieuse sur l&rsquo;accompagnement des \u00e9quipes enseignantes.<\/p>\n\n\n\n<p>J&rsquo;ai eu le plaisir de conclure cette demi-journ\u00e9e en partageant deux convictions fortes sur l&rsquo;avenir de l&rsquo;IA dans l&rsquo;enseignement sup\u00e9rieur.<\/p>\n\n\n\n<p>Cet article en restitue les moments cl\u00e9s. Il partage \u00e9galement la charte IA de NEOMA, rendue publique \u00e0 cette occasion et mes deux convictions pour le secteur. <\/p>\n\n\n\n<h2 class=\"wp-block-heading\">L&rsquo;IA n&rsquo;est plus dans le couloir. Elle est dans la salle.<\/h2>\n\n\n\n<p>L&rsquo;honn\u00eatet\u00e9 s&rsquo;impose d&#8217;embl\u00e9e. Ce n&rsquo;est plus une question d&rsquo;anticipation. L&rsquo;IA g\u00e9n\u00e9rative est d\u00e9j\u00e0 pr\u00e9sente dans les amphith\u00e9\u00e2tres, les bureaux administratifs et les salles de r\u00e9union des \u00e9quipes p\u00e9dagogiques. La vraie question n&rsquo;est pas de savoir s&rsquo;il faut l&rsquo;int\u00e9grer. Elle est de savoir comment transformer nos \u00e9tablissements intelligemment.<\/p>\n\n\n\n<figure class=\"wp-block-image size-large\"><img loading=\"lazy\" decoding=\"async\" width=\"1024\" height=\"683\" src=\"https:\/\/alain.goudey.eu\/side\/wp-content\/uploads\/2026\/03\/528_2073-1024x683.jpeg\" alt=\"Delphine Manceau, Directrice G\u00e9n\u00e9rale de NEOMA et Pr\u00e9sidente de la CGE \u00e0 l'\u00e9v\u00e9nement NEOMA IA et ESR, seconde \u00e9dition.\" class=\"wp-image-716\" srcset=\"https:\/\/alain.goudey.eu\/side\/wp-content\/uploads\/2026\/03\/528_2073-1024x683.jpeg 1024w, https:\/\/alain.goudey.eu\/side\/wp-content\/uploads\/2026\/03\/528_2073-300x200.jpeg 300w, https:\/\/alain.goudey.eu\/side\/wp-content\/uploads\/2026\/03\/528_2073-768x512.jpeg 768w, https:\/\/alain.goudey.eu\/side\/wp-content\/uploads\/2026\/03\/528_2073-1536x1024.jpeg 1536w, https:\/\/alain.goudey.eu\/side\/wp-content\/uploads\/2026\/03\/528_2073-2048x1365.jpeg 2048w\" sizes=\"auto, (max-width: 1024px) 100vw, 1024px\" \/><figcaption class=\"wp-element-caption\">JB-Delerue<\/figcaption><\/figure>\n\n\n\n<p>C&rsquo;est ce qu&rsquo;a pos\u00e9 avec clart\u00e9 Delphine Manceau d\u00e8s l&rsquo;ouverture. Le ton \u00e9tait donn\u00e9. Pas de catastrophisme. Pas de na\u00efvet\u00e9 non plus. Une lucidit\u00e9 construite.<\/p>\n\n\n\n<blockquote class=\"wp-block-quote is-layout-flow wp-block-quote-is-layout-flow\">\n<p>Nous vivons un moment Manhattan (Aur\u00e9lien F\u00e9nard)<\/p>\n<\/blockquote>\n\n\n\n<p>Aur\u00e9lien F\u00e9nard a prolong\u00e9 ce cadrage avec une image forte : nous vivons un \u00ab\u00a0moment Manhattan\u00a0\u00bb. Celui d&rsquo;une rupture irr\u00e9versible, dont les effets se mesurent encore mal. La comparaison est saisissante. Elle est aussi utile. Elle oblige \u00e0 penser en termes de responsabilit\u00e9 collective, pas seulement d&rsquo;opportunit\u00e9 individuelle.<\/p>\n\n\n\n<h3 class=\"wp-block-heading\">Ce que cela change pour les institutions<\/h3>\n\n\n\n<p>L&rsquo;IA ne demande pas simplement \u00e0 \u00eatre ajout\u00e9e aux outils existants. Elle interroge le mod\u00e8le m\u00eame de transmission du savoir. Former des \u00e9tudiants \u00e0 restituer des connaissances, dans un monde o\u00f9 une IA les produit en quelques secondes, rel\u00e8ve d&rsquo;une logique d\u00e9pass\u00e9e. Ce n&rsquo;est pas agr\u00e9able \u00e0 entendre. C&rsquo;est pourtant n\u00e9cessaire.<\/p>\n\n\n\n<p>Les institutions qui r\u00e9sistent \u00e0 cette r\u00e9alit\u00e9 ne la ralentiront pas. Elles se mettront simplement en retard.<\/p>\n\n\n\n<p>La vraie transformation, c&rsquo;est le passage d&rsquo;un mod\u00e8le centr\u00e9 sur la transmission \u00e0 un mod\u00e8le centr\u00e9 sur le jugement. Apprendre \u00e0 penser, \u00e0 douter, \u00e0 arbitrer. L&rsquo;IA peut produire une r\u00e9ponse. Elle ne peut pas, pour l&rsquo;instant, en assumer la responsabilit\u00e9.<\/p>\n\n\n\n<h2 class=\"wp-block-heading\">IA de substitution ou IA d&rsquo;augmentation : le choix qui d\u00e9finit tout<\/h2>\n\n\n\n<p>C&rsquo;est l&rsquo;un des points les plus structurants de la journ\u00e9e. Et l&rsquo;un des plus concrets.<\/p>\n\n\n\n<figure class=\"wp-block-image size-large\"><img loading=\"lazy\" decoding=\"async\" width=\"1024\" height=\"683\" src=\"https:\/\/alain.goudey.eu\/side\/wp-content\/uploads\/2026\/03\/528_2424-1024x683.jpeg\" alt=\"Aur\u00e9lien F\u00e9nard \u00e0 la seconde \u00e9dition IA et ESR de NEOMA Business School\" class=\"wp-image-717\" srcset=\"https:\/\/alain.goudey.eu\/side\/wp-content\/uploads\/2026\/03\/528_2424-1024x683.jpeg 1024w, https:\/\/alain.goudey.eu\/side\/wp-content\/uploads\/2026\/03\/528_2424-300x200.jpeg 300w, https:\/\/alain.goudey.eu\/side\/wp-content\/uploads\/2026\/03\/528_2424-768x512.jpeg 768w, https:\/\/alain.goudey.eu\/side\/wp-content\/uploads\/2026\/03\/528_2424-1536x1024.jpeg 1536w, https:\/\/alain.goudey.eu\/side\/wp-content\/uploads\/2026\/03\/528_2424-2048x1365.jpeg 2048w\" sizes=\"auto, (max-width: 1024px) 100vw, 1024px\" \/><figcaption class=\"wp-element-caption\">JB-Delerue<\/figcaption><\/figure>\n\n\n\n<p>Aur\u00e9lien F\u00e9nard a pos\u00e9 une distinction essentielle. D&rsquo;un c\u00f4t\u00e9, une IA de substitution : elle fait \u00e0 la place de l&rsquo;humain. Elle est rapide, efficace, et atrophie les comp\u00e9tences. \u00ab\u00a0Use it or lose it\u00a0\u00bb, comme on dit. De l&rsquo;autre, une IA de confrontation : elle challenge, questionne, oblige \u00e0 justifier. Elle augmente l&rsquo;autonomie.<\/p>\n\n\n\n<p>Le constat est brutal. La majorit\u00e9 des usages actuels rel\u00e8vent de la substitution.<\/p>\n\n\n\n<h3 class=\"wp-block-heading\">Pourquoi cette distinction change les pratiques p\u00e9dagogiques<\/h3>\n\n\n\n<p>Ce n&rsquo;est pas un d\u00e9bat philosophique. C&rsquo;est une question op\u00e9rationnelle. Un \u00e9tudiant qui demande \u00e0 une IA de r\u00e9diger son analyse \u00e0 sa place n&rsquo;apprend pas \u00e0 analyser. Il apprend \u00e0 valider, parfois sans discernement. Ce n&rsquo;est pas la m\u00eame chose.<\/p>\n\n\n\n<p>L&rsquo;IA comme \u00ab\u00a0sparring partner\u00a0\u00bb est une tout autre posture. On lui soumet une id\u00e9e. Elle la conteste. On d\u00e9fend. On affine. Le r\u00e9sultat est meilleur, et la comp\u00e9tence est renforc\u00e9e.<\/p>\n\n\n\n<p>Ce mod\u00e8le implique une r\u00e9vision profonde des pratiques d&rsquo;\u00e9valuation. C&rsquo;est l\u00e0 que le consensus de la journ\u00e9e a \u00e9t\u00e9 le plus net.<\/p>\n\n\n\n<h3 class=\"wp-block-heading\">Ce que \u00e7a implique concr\u00e8tement pour l&rsquo;\u00e9valuation<\/h3>\n\n\n\n<p>Les QCM et les dissertations classiques sont fragilis\u00e9s. Pas n\u00e9cessairement supprim\u00e9s, mais remis en cause dans leur capacit\u00e9 \u00e0 mesurer ce qui compte vraiment. Plusieurs intervenants l&rsquo;ont formul\u00e9 directement : l&rsquo;enjeu n&rsquo;est plus d&#8217;emp\u00eacher la triche. Il est de red\u00e9finir ce qu&rsquo;on \u00e9value.<\/p>\n\n\n\n<p>\u00c9valuer le processus, pas seulement le r\u00e9sultat. V\u00e9rifier la capacit\u00e9 \u00e0 justifier un raisonnement, pas \u00e0 le produire m\u00e9caniquement. Introduire des formats oraux, des projets document\u00e9s, des analyses de cas avec trace de r\u00e9flexion. Ce n&rsquo;est pas une r\u00e9volution p\u00e9dagogique abstraite. C&rsquo;est une adaptation urgente.<\/p>\n\n\n\n<h2 class=\"wp-block-heading\">Souverainet\u00e9 num\u00e9rique : l&rsquo;Europe cherche sa voie<\/h2>\n\n\n\n<p>Aur\u00e9lie Simard a abord\u00e9 un sujet qui d\u00e9range, utilement. Le syst\u00e8me socio-technique de l&rsquo;IA est aujourd&rsquo;hui extr\u00eamement concentr\u00e9. Quelques acteurs am\u00e9ricains et chinois dominent l&rsquo;infrastructure, les mod\u00e8les et les donn\u00e9es. L&rsquo;Europe r\u00e9gule. C&rsquo;est n\u00e9cessaire. Ce n&rsquo;est pas suffisant. L&rsquo;AI Act est une r\u00e9ponse r\u00e9glementaire s\u00e9rieuse. Mais r\u00e9guler n&rsquo;est pas ma\u00eetriser.<\/p>\n\n\n\n<h3 class=\"wp-block-heading\">La question qui d\u00e9range<\/h3>\n\n\n\n<p>Que se passe-t-il quand les donn\u00e9es sensibles d&rsquo;un \u00e9tablissement transitent par des serveurs dont nous ne contr\u00f4lons ni la localisation, ni les modalit\u00e9s d&rsquo;utilisation ? La question n&rsquo;est pas th\u00e9orique. Elle est quotidienne.<\/p>\n\n\n\n<p>Xavier Caillard et Olivier Wong ont formul\u00e9 une position raisonnable et pragmatique : il ne s&rsquo;agit pas toujours d&rsquo;utiliser l&rsquo;outil le plus puissant. Il s&rsquo;agit d&rsquo;utiliser l&rsquo;outil suffisant pour l&rsquo;usage vis\u00e9, en ma\u00eetrisant les conditions d&rsquo;h\u00e9bergement. Pour les donn\u00e9es sensibles, les formations critiques, les processus d&rsquo;\u00e9valuation, cette exigence s&rsquo;impose.<\/p>\n\n\n\n<p>Des alternatives existent. Mistral, des infrastructures souveraines, des projets comme ILAS. Ils n\u00e9cessitent des investissements, de la coop\u00e9ration et une volont\u00e9 politique que le secteur commence, progressivement, \u00e0 structurer.<\/p>\n\n\n\n<h2 class=\"wp-block-heading\">Gouvernance et accompagnement : les conditions r\u00e9elles du succ\u00e8s<\/h2>\n\n\n\n<p>Le dernier panel a ramen\u00e9 la r\u00e9flexion \u00e0 l&rsquo;essentiel op\u00e9rationnel. Une strat\u00e9gie IA sans gouvernance des donn\u00e9es ne tient pas. Une transformation technologique sans accompagnement humain \u00e9choue. Ce ne sont pas des v\u00e9rit\u00e9s nouvelles. Elles restent, pourtant, syst\u00e9matiquement sous-estim\u00e9es.<\/p>\n\n\n\n<p>Fatima A\u00efd-Sa\u00efd l&rsquo;a formul\u00e9 clairement : il y a un d\u00e9calage r\u00e9el entre la vitesse de la transformation technologique et le temps propre aux organisations et \u00e0 l&rsquo;\u00e9ducation. Ce d\u00e9calage n&rsquo;est pas une excuse. C&rsquo;est un probl\u00e8me \u00e0 r\u00e9soudre.<\/p>\n\n\n\n<h3 class=\"wp-block-heading\">Comment r\u00e9duire ce d\u00e9calage<\/h3>\n\n\n\n<p>Marine Le Fichant et Mattias Mano ont converg\u00e9 sur plusieurs leviers concrets. D&rsquo;abord, partir des \u00ab\u00a0irritants\u00a0\u00bb r\u00e9els des \u00e9quipes. Pas des usages imagin\u00e9s par la direction, mais des probl\u00e8mes v\u00e9cus au quotidien par les enseignants, les \u00e9quipes administratives, les \u00e9tudiants. Ensuite, co-construire les solutions. Impliquer les utilisateurs finaux d\u00e8s la conception, pas au moment du d\u00e9ploiement.<\/p>\n\n\n\n<p>Enfin, d\u00e9mystifier. L&rsquo;IA inqui\u00e8te souvent ceux qui ne l&rsquo;utilisent pas encore. La formation, la transparence sur les limites et les risques, la valorisation des exp\u00e9rimentations r\u00e9ussies : ces \u00e9l\u00e9ments r\u00e9duisent les r\u00e9sistances bien plus efficacement que les injonctions.<\/p>\n\n\n\n<p>La gouvernance des donn\u00e9es est, dans ce cadre, un pr\u00e9requis. Pas un sujet technique r\u00e9serv\u00e9 aux DSI. Un enjeu strat\u00e9gique, qui conditionne la fiabilit\u00e9 et la l\u00e9gitimit\u00e9 de tout usage de l&rsquo;IA dans l&rsquo;institution.<\/p>\n\n\n\n<h2 class=\"wp-block-heading\">La charte IA de NEOMA : rendre publique une position claire et partag\u00e9e sur l&rsquo;IA<\/h2>\n\n\n\n<p>\u00c0 l&rsquo;occasion de cet \u00e9v\u00e9nement, <a href=\"https:\/\/www.neoma-bs.fr\" target=\"_blank\" rel=\"noopener\">NEOMA <\/a>a rendu publique sa charte IA. Ce document, issu des travaux de l&rsquo;UNESCO et de la charte de l&rsquo;Universit\u00e9 d&rsquo;Orl\u00e9ans et des r\u00e9flexions de l&rsquo;Universit\u00e9 de Franche-Comt\u00e9, traduit une position institutionnelle claire sur les usages autoris\u00e9s, encourag\u00e9s et encadr\u00e9s de l&rsquo;IA au sein de l&rsquo;\u00e9cole, pour les \u00e9tudiants comme pour les \u00e9quipes.<\/p>\n\n\n\n<p>Rendre une charte publique, c&rsquo;est assumer une responsabilit\u00e9. C&rsquo;est aussi inviter au dialogue. D&rsquo;autres \u00e9tablissements traversent les m\u00eames questionnements. Partager nos choix, nos arbitrages, nos limites : c&rsquo;est la logique qui a pr\u00e9sid\u00e9 \u00e0 cet \u00e9v\u00e9nement d\u00e8s l&rsquo;an dernier et que nous conserverons dans toutes les \u00e9ditions.<\/p>\n\n\n\n<p><strong>Acc\u00e9dez \u00e0 la charte IA de NEOMA<\/strong> pour d\u00e9couvrir les principes qui s&rsquo;appliquent, sans distinction \u00e0 nos \u00e9tudiants, nos professeurs et nos \u00e9quipes administratives : <\/p>\n\n\n\n<div data-wp-interactive=\"core\/file\" class=\"wp-block-file\"><object data-wp-bind--hidden=\"!state.hasPdfPreview\" hidden class=\"wp-block-file__embed\" data=\"https:\/\/alain.goudey.eu\/side\/wp-content\/uploads\/2026\/03\/Charte-IA-ESR-NEOMA.pdf\" type=\"application\/pdf\" style=\"width:100%;height:600px\" aria-label=\"Contenu embarqu\u00e9 Charte IA ESR NEOMA.\"><\/object><a id=\"wp-block-file--media-f6c6ea65-6709-4c5b-a5b8-ec997094fc99\" href=\"https:\/\/alain.goudey.eu\/side\/wp-content\/uploads\/2026\/03\/Charte-IA-ESR-NEOMA.pdf\">Charte IA ESR NEOMA<\/a><a href=\"https:\/\/alain.goudey.eu\/side\/wp-content\/uploads\/2026\/03\/Charte-IA-ESR-NEOMA.pdf\" class=\"wp-block-file__button wp-element-button\" aria-describedby=\"wp-block-file--media-f6c6ea65-6709-4c5b-a5b8-ec997094fc99\" download>T\u00e9l\u00e9charger<\/a><\/div>\n\n\n\n<h2 class=\"wp-block-heading\">Deux convictions fortes pour conclure<\/h2>\n\n\n\n<p>En guise de conclusion, j&rsquo;ai partag\u00e9 deux convictions construites au fil de ces \u00e9changes et de notre propre exp\u00e9rience \u00e0 NEOMA.<\/p>\n\n\n\n<h3 class=\"wp-block-heading\">Conviction 1 : enseigner le jugement, pas le contenu<\/h3>\n\n\n\n<p>Le mod\u00e8le p\u00e9dagogique dominant repose sur une logique de transmission. Le professeur d\u00e9tient le savoir. Il le d\u00e9pose. L&rsquo;\u00e9tudiant le restitue. Ce mod\u00e8le a une vertu : sa clart\u00e9. Il a un d\u00e9faut majeur aujourd&rsquo;hui : l&rsquo;IA le rend obsol\u00e8te.<\/p>\n\n\n\n<p>Quand une IA g\u00e9n\u00e8re en quelques secondes un plan marketing complet, une analyse financi\u00e8re ou une synth\u00e8se documentaire, que reste-t-il \u00e0 enseigner ? Tout. Mais pas la m\u00eame chose.<\/p>\n\n\n\n<figure class=\"wp-block-image size-full\"><img loading=\"lazy\" decoding=\"async\" width=\"800\" height=\"459\" src=\"https:\/\/alain.goudey.eu\/side\/wp-content\/uploads\/2026\/03\/conviction1-EnseignerLeJugement.png\" alt=\"transformation num\u00e9rique enseignement sup\u00e9rieur IA : enseigner le jugement \/ la r\u00e9flexion\" class=\"wp-image-713\" srcset=\"https:\/\/alain.goudey.eu\/side\/wp-content\/uploads\/2026\/03\/conviction1-EnseignerLeJugement.png 800w, https:\/\/alain.goudey.eu\/side\/wp-content\/uploads\/2026\/03\/conviction1-EnseignerLeJugement-300x172.png 300w, https:\/\/alain.goudey.eu\/side\/wp-content\/uploads\/2026\/03\/conviction1-EnseignerLeJugement-768x441.png 768w\" sizes=\"auto, (max-width: 800px) 100vw, 800px\" \/><\/figure>\n\n\n\n<p>Ce qui reste \u00e0 enseigner, c&rsquo;est le jugement.<\/p>\n\n\n\n<p>Le professeur de demain ne transmet plus un savoir que l&rsquo;IA produit plus vite que lui. Il d\u00e9veloppe une capacit\u00e9 d&rsquo;\u00e9valuation. Il apprend \u00e0 ses \u00e9tudiants \u00e0 interroger le r\u00e9sultat de l&rsquo;IA : est-il juste ? Complet ? Biais\u00e9 ? Applicable ? La comp\u00e9tence sup\u00e9rieure n&rsquo;est plus de produire une analyse. C&rsquo;est de savoir quand l&rsquo;IA se trompe, et pourquoi.<\/p>\n\n\n\n<p>Ce renversement est profond. Il n&rsquo;invalide pas l&rsquo;expertise disciplinaire. Il la repositionne. L&rsquo;\u00e9tudiant travaille avec l&rsquo;IA, pas \u00e0 sa place. Il \u00e9value, raffine, conteste. Il d\u00e9veloppe une pens\u00e9e critique adoss\u00e9e \u00e0 l&rsquo;outil, et non anesth\u00e9si\u00e9e par lui.<\/p>\n\n\n\n<p>C&rsquo;est ce glissement, du contenu au jugement, que les \u00e9tablissements doivent op\u00e9rer en priorit\u00e9.<\/p>\n\n\n\n<h3 class=\"wp-block-heading\">Conviction 2 : passer \u00e0 une architecture IA institutionnelle<\/h3>\n\n\n\n<p>La seconde conviction prolonge la premi\u00e8re. Elle porte sur la structure, pas sur la p\u00e9dagogie seule.<\/p>\n\n\n\n<p>Aujourd&rsquo;hui, l&rsquo;int\u00e9gration de l&rsquo;IA g\u00e9n\u00e9rative dans l&rsquo;enseignement sup\u00e9rieur repose majoritairement sur des initiatives individuelles. Des enseignants pionniers, motiv\u00e9s, qui exp\u00e9rimentent dans leur cours, de mani\u00e8re ponctuelle et isol\u00e9e. Ces h\u00e9ros universitaires font un travail pr\u00e9cieux. Ils ne peuvent pas, seuls, faire bouger l&rsquo;institution.<\/p>\n\n\n\n<figure class=\"wp-block-image size-full\"><img loading=\"lazy\" decoding=\"async\" width=\"800\" height=\"456\" src=\"https:\/\/alain.goudey.eu\/side\/wp-content\/uploads\/2026\/03\/conviction2-ArchitectureInstitutionnelleIA.png\" alt=\"transformation num\u00e9rique enseignement sup\u00e9rieur IA : passer \u00e0 une architecteur IA institutionnelle\" class=\"wp-image-714\" srcset=\"https:\/\/alain.goudey.eu\/side\/wp-content\/uploads\/2026\/03\/conviction2-ArchitectureInstitutionnelleIA.png 800w, https:\/\/alain.goudey.eu\/side\/wp-content\/uploads\/2026\/03\/conviction2-ArchitectureInstitutionnelleIA-300x171.png 300w, https:\/\/alain.goudey.eu\/side\/wp-content\/uploads\/2026\/03\/conviction2-ArchitectureInstitutionnelleIA-768x438.png 768w\" sizes=\"auto, (max-width: 800px) 100vw, 800px\" \/><\/figure>\n\n\n\n<p>L&rsquo;int\u00e9gration de l&rsquo;IA g\u00e9n\u00e9rative ne peut pas d\u00e9pendre de h\u00e9ros isol\u00e9s.<\/p>\n\n\n\n<p>Ce dont le secteur a besoin, c&rsquo;est d&rsquo;une architecture institutionnelle. Une conception de programme coordonn\u00e9e, qui int\u00e8gre l&rsquo;IA de mani\u00e8re coh\u00e9rente \u00e0 travers les disciplines et les niveaux. Un renforcement progressif des comp\u00e9tences, pour les \u00e9tudiants comme pour les \u00e9quipes enseignantes. Des structures de soutien institutionnel : ressources partag\u00e9es, \u00e9chelles de comp\u00e9tences formalis\u00e9es, carrefours IA accessibles \u00e0 tous.<\/p>\n\n\n\n<p>Le passage de l&rsquo;initiative individuelle \u00e0 l&rsquo;int\u00e9gration syst\u00e9mique est la condition du changement durable. Une \u00e9cole qui s&rsquo;appuie sur trois enseignants convaincus reste fragile. Une \u00e9cole qui a construit une architecture commune est transform\u00e9e.<\/p>\n\n\n\n<p>C&rsquo;est \u00e0 ce chantier que NEOMA s&rsquo;est attel\u00e9e. Et c&rsquo;est, collectivement, le chantier de tout le secteur.<\/p>\n\n\n\n<hr class=\"wp-block-separator has-alpha-channel-opacity\"\/>\n\n\n\n<h2 class=\"wp-block-heading\">FAQ \u2013 Intelligence artificielle et enseignement sup\u00e9rieur<\/h2>\n\n\n\n<p><strong>Qu&rsquo;est-ce que la transformation num\u00e9rique des \u00e9tablissements d&rsquo;enseignement sup\u00e9rieur par l&rsquo;IA implique concr\u00e8tement ?<\/strong> Elle implique de repenser les m\u00e9thodes d&rsquo;\u00e9valuation, de former les \u00e9quipes \u00e0 un usage critique des outils, de structurer une gouvernance des donn\u00e9es et de co-construire les usages avec les parties prenantes, enseignants comme \u00e9tudiants.<\/p>\n\n\n\n<p><strong>Quelle est la diff\u00e9rence entre une IA de substitution et une IA d&rsquo;augmentation dans l&rsquo;\u00e9ducation ?<\/strong> Une IA de substitution ex\u00e9cute une t\u00e2che \u00e0 la place de l&rsquo;apprenant, r\u00e9duisant ainsi son autonomie et ses comp\u00e9tences. Une IA d&rsquo;augmentation, ou IA de confrontation, sert de \u00ab\u00a0sparring partner\u00a0\u00bb : elle challenge le raisonnement, renforce le jugement critique et d\u00e9veloppe les comp\u00e9tences.<\/p>\n\n\n\n<p><strong>Comment les \u00e9tablissements d&rsquo;enseignement sup\u00e9rieur peuvent-ils garantir la souverainet\u00e9 de leurs donn\u00e9es face aux outils IA ?<\/strong> En privil\u00e9giant des outils h\u00e9berg\u00e9s sur des infrastructures europ\u00e9ennes ou ma\u00eetris\u00e9es, en mettant en place une gouvernance claire des donn\u00e9es sensibles et en \u00e9valuant syst\u00e9matiquement les risques avant tout d\u00e9ploiement.<\/p>\n\n\n\n<p><strong>Pourquoi les m\u00e9thodes d&rsquo;\u00e9valuation traditionnelles sont-elles remises en question par l&rsquo;IA g\u00e9n\u00e9rative ?<\/strong> Parce que l&rsquo;IA peut produire \u00e0 la demande les r\u00e9sultats attendus par les formats classiques (dissertations, QCM). L&rsquo;\u00e9valuation doit d\u00e9sormais porter sur le processus de r\u00e9flexion, la capacit\u00e9 \u00e0 justifier un raisonnement et l&rsquo;esprit critique, pas seulement sur la restitution d&rsquo;un contenu.<\/p>\n\n\n\n<p><strong>Qu&rsquo;est-ce qu&rsquo;une charte IA dans un \u00e9tablissement d&rsquo;enseignement sup\u00e9rieur ?<\/strong> Une charte IA formalise la position institutionnelle sur les usages de l&rsquo;IA : ce qui est autoris\u00e9, encourag\u00e9 ou encadr\u00e9, pour les \u00e9tudiants comme pour les personnels. Elle est un outil de gouvernance, de transparence et de dialogue avec l&rsquo;ensemble de la communaut\u00e9.<\/p>\n\n\n\n<p><strong>Comment conduire le changement li\u00e9 \u00e0 l&rsquo;IA dans une institution acad\u00e9mique ?<\/strong> En partant des besoins r\u00e9els des \u00e9quipes, en impliquant les utilisateurs dans la co-construction des solutions, en formant de mani\u00e8re continue et en valorisant les exp\u00e9rimentations. L&rsquo;accompagnement humain prime sur le d\u00e9ploiement technologique.<\/p>\n","protected":false},"excerpt":{"rendered":"<p>Mardi 10 mars 2026, sur le Campus de NEOMA \u00e0 Paris, nous avons accueilli des dizaines de professionnels du secteur de l&rsquo;enseignement sup\u00e9rieur et de la recherche au cours de ce second rendez-vous pour \u00e9changer sur l&rsquo;impact et la place des technologies d&rsquo;intelligence artificielle dans le monde de la formation et de la recherche. Comme \u00e0 notre habitude, l&rsquo;\u00e9v\u00e9nement visait \u00e0 partager les regards et les pratiques, ce qui fonctionne, ce qui fonctionne moins bien afin de permettre \u00e0 tout le secteur de progresser. Cet article pr\u00e9sente l&rsquo;\u00e9v\u00e9nement, les messages forts et partage aussi notre charte IA \u00e0 NEOMA que nous avons rendue publique \u00e0 cette occasion. <\/p>\n","protected":false},"author":1,"featured_media":710,"comment_status":"open","ping_status":"open","sticky":false,"template":"","format":"standard","meta":{"footnotes":""},"categories":[2,3],"tags":[83,49],"class_list":["post-709","post","type-post","status-publish","format-standard","has-post-thumbnail","hentry","category-education","category-ia-ai","tag-enseignement-superieur","tag-ia"],"_links":{"self":[{"href":"https:\/\/alain.goudey.eu\/side\/wp-json\/wp\/v2\/posts\/709","targetHints":{"allow":["GET"]}}],"collection":[{"href":"https:\/\/alain.goudey.eu\/side\/wp-json\/wp\/v2\/posts"}],"about":[{"href":"https:\/\/alain.goudey.eu\/side\/wp-json\/wp\/v2\/types\/post"}],"author":[{"embeddable":true,"href":"https:\/\/alain.goudey.eu\/side\/wp-json\/wp\/v2\/users\/1"}],"replies":[{"embeddable":true,"href":"https:\/\/alain.goudey.eu\/side\/wp-json\/wp\/v2\/comments?post=709"}],"version-history":[{"count":3,"href":"https:\/\/alain.goudey.eu\/side\/wp-json\/wp\/v2\/posts\/709\/revisions"}],"predecessor-version":[{"id":718,"href":"https:\/\/alain.goudey.eu\/side\/wp-json\/wp\/v2\/posts\/709\/revisions\/718"}],"wp:featuredmedia":[{"embeddable":true,"href":"https:\/\/alain.goudey.eu\/side\/wp-json\/wp\/v2\/media\/710"}],"wp:attachment":[{"href":"https:\/\/alain.goudey.eu\/side\/wp-json\/wp\/v2\/media?parent=709"}],"wp:term":[{"taxonomy":"category","embeddable":true,"href":"https:\/\/alain.goudey.eu\/side\/wp-json\/wp\/v2\/categories?post=709"},{"taxonomy":"post_tag","embeddable":true,"href":"https:\/\/alain.goudey.eu\/side\/wp-json\/wp\/v2\/tags?post=709"}],"curies":[{"name":"wp","href":"https:\/\/api.w.org\/{rel}","templated":true}]}}