{"id":780,"date":"2026-04-27T08:44:59","date_gmt":"2026-04-27T06:44:59","guid":{"rendered":"https:\/\/alain.goudey.eu\/side\/?p=780"},"modified":"2026-04-27T08:45:01","modified_gmt":"2026-04-27T06:45:01","slug":"ia-et-entreprise-la-semaine-17-redessine-les-regles-du-jeu","status":"publish","type":"post","link":"https:\/\/alain.goudey.eu\/side\/2026\/04\/27\/ia-et-entreprise-la-semaine-17-redessine-les-regles-du-jeu\/","title":{"rendered":"IA et entreprise : la semaine 17 redessine les r\u00e8gles du jeu"},"content":{"rendered":"\n<p>L&rsquo;actualit\u00e9 de cette dix-septi\u00e8me semaine de 2026 ne souffre aucun temps mort sur le th\u00e8me IA et entreprise. Sept jours. Huit annonces majeures. L&rsquo;IA n&rsquo;attend pas la strat\u00e9gie d&rsquo;entreprise, elle l&rsquo;oblige \u00e0 courir.<\/p>\n\n\n\n<p>Du lancement de GPT-5.5 \u00e0 la fusion Cohere\u2013Aleph Alpha, en passant par la passation de pouvoir chez Apple, chaque actualit\u00e9 dessine un mouvement de transformation du monde. Les fronti\u00e8res bougent. Les alliances se nouent vite. Les capitaux circulent \u00e0 des \u00e9chelles sans pr\u00e9c\u00e9dent et cela fait d\u00e9j\u00e0 un peu plus de 3 ans que cela dure ! <\/p>\n\n\n\n<div class=\"wp-block-rank-math-toc-block\" id=\"rank-math-toc\"><h2>Au menu de cette semaine 17 sur IA et entreprise <\/h2><nav><ul><li class=\"\"><a href=\"#gpt-5-5-open-ai-installe-son-moteur-agentique\">GPT-5.5 : OpenAI installe son moteur agentique<\/a><ul><\/ul><\/li><li class=\"\"><a href=\"#workspace-agents-quand-l-ia-collective-entre-dans-lentreprise\">Workspace agents : quand l&rsquo;IA collective entre dans l&rsquo;entreprise<\/a><ul><\/ul><\/li><li class=\"\"><a href=\"#cursor-et-space-x-lirruption-dune-alliance-detonante\">Cursor et SpaceX : l&rsquo;irruption d&rsquo;une alliance d\u00e9tonante<\/a><ul><\/ul><\/li><li class=\"\"><a href=\"#anthropic-et-amazon-5-milliards-investis-100-milliards-engages\">Anthropic et Amazon : 5 milliards investis, 100 milliards engag\u00e9s<\/a><ul><\/ul><\/li><li class=\"\"><a href=\"#claude-design-anthropic-vise-les-non-designers\">Claude Design : Anthropic vise les non-designers<\/a><ul><\/ul><\/li><li class=\"\"><a href=\"#apple-un-ingenieur-hardware-aux-commandes\">Apple : un ing\u00e9nieur hardware aux commandes<\/a><ul><\/ul><\/li><li class=\"\"><a href=\"#x-ai-et-mistral-geopolitique-des-modeles-ia-et-entreprise\">xAI et Mistral : g\u00e9opolitique des mod\u00e8les IA et entreprise<\/a><ul><\/ul><\/li><li class=\"\"><a href=\"#cohere-et-aleph-alpha-le-pari-transatlantique-sur-ia-et-entreprise\">Cohere et Aleph Alpha : le pari transatlantique sur IA et entreprise<\/a><ul><\/ul><\/li><li class=\"\"><a href=\"#ce-quil-faut-retenir-de-cette-semaine\">Ce qu&rsquo;il faut retenir de cette semaine<\/a><\/li><li class=\"\"><a href=\"#faq-question-1777272153353\">Quelles sont les annonces majeures en intelligence artificielle cette semaine ?<\/a><\/li><li class=\"\"><a href=\"#faq-question-1777272195376\">GPT-5.5 est-il d\u00e9j\u00e0 accessible aux entreprises ? <\/a><\/li><li class=\"\"><a href=\"#faq-question-1777272220504\">Que sont les Workspace agents OpenAI ? <\/a><\/li><li class=\"\"><a href=\"#faq-question-1777272233413\">L&rsquo;acquisition d&rsquo;Aleph Alpha par Cohere garantit-elle une IA souveraine en Europe ? <\/a><\/li><li class=\"\"><a href=\"#faq-question-1777272247241\">Pourquoi Apple a-t-il choisi un ing\u00e9nieur hardware comme nouveau CEO ? <\/a><\/li><li class=\"\"><a href=\"#faq-question-1777272275237\">Comment r\u00e9agir face \u00e0 l&rsquo;acc\u00e9l\u00e9ration des mod\u00e8les d&rsquo;intelligence artificielle ?<\/a><\/li><\/ul><\/nav><\/div>\n\n\n\n<h3 class=\"wp-block-heading\" id=\"gpt-5-5-open-ai-installe-son-moteur-agentique\">GPT-5.5 : OpenAI installe son moteur agentique<\/h3>\n\n\n\n<p>OpenAI a d\u00e9voil\u00e9 GPT-5.5 le 23 avril 2026. Soit moins de deux mois apr\u00e8s GPT-5.4. Le rythme dit tout du climat concurrentiel. Le mod\u00e8le est pr\u00e9sent\u00e9 comme la prochaine \u00e9tape vers la \u00ab superapp \u00bb agentique de l&rsquo;entreprise. Une application capable d&rsquo;orchestrer des t\u00e2ches complexes pour n&rsquo;importe quel professionnel, et plus seulement pour les d\u00e9veloppeurs.<\/p>\n\n\n\n<h4 class=\"wp-block-heading\" id=\"ce-que-le-modele-apporte-concretement\">Ce que le mod\u00e8le apporte concr\u00e8tement<\/h4>\n\n\n\n<p>Le mod\u00e8le progresse sur quatre fronts. D&rsquo;abord, les t\u00e2ches longues et planifi\u00e9es. Ensuite, l&rsquo;interpr\u00e9tation des consignes vagues. Enfin, l&rsquo;usage autonome de l&rsquo;ordinateur et les flux scientifiques pluri-\u00e9tapes. Sur Terminal-Bench 2.0, il atteint 82,7%. Sur GDPval, qui mesure la performance agentique sur 44 m\u00e9tiers, il culmine \u00e0 84,9%. Le tout, selon OpenAI, sans d\u00e9gradation de latence par rapport \u00e0 GPT-5.4.<\/p>\n\n\n\n<p>OpenAI affirme aussi avoir renforc\u00e9 ses garde-fous en mati\u00e8re de cybers\u00e9curit\u00e9 et de risques biologiques. Le mod\u00e8le refusera davantage de requ\u00eates suspectes. Le compromis entre puissance et prudence se durcit.<\/p>\n\n\n\n<h4 class=\"wp-block-heading\" id=\"ce-que-cela-change-pour-la-decision\">Ce que cela change pour la d\u00e9cision<\/h4>\n\n\n\n<p>Pour un comit\u00e9 ex\u00e9cutif, le calcul devient plus net. La productivit\u00e9 gagn\u00e9e sur les t\u00e2ches multi-\u00e9tapes commence \u00e0 se mesurer en heures par semaine. Les entreprises tests, comme la Bank of New York, comparent d\u00e9sormais GPT-5.5 \u00e0 Claude Opus 4.7 dans des bake-offs internes. Le crit\u00e8re n&rsquo;est plus le \u00ab mod\u00e8le le plus intelligent \u00bb. C&rsquo;est le rapport co\u00fbt-tokens-productivit\u00e9 sur des cas d&rsquo;usage m\u00e9tier.<\/p>\n\n\n\n<p>Que devient votre socle technologique si vous l&rsquo;aviez calibr\u00e9 sur GPT-5.4 en mars ? Doit-on reb\u00e2tir tout toutes les six semaines ? Probablement pas. Mais il faut une gouvernance d&rsquo;\u00e9valuation continue des mod\u00e8les. Sans elle, l&rsquo;IA d&rsquo;entreprise se g\u00e8re au feeling.<\/p>\n\n\n\n<h3 class=\"wp-block-heading\" id=\"workspace-agents-quand-l-ia-collective-entre-dans-lentreprise\">Workspace agents : quand l&rsquo;IA collective entre dans l&rsquo;entreprise<\/h3>\n\n\n\n<p>Le 22 avril, OpenAI a lanc\u00e9 les \u00ab Workspace agents \u00bb dans ChatGPT. L&rsquo;id\u00e9e est de passer de l&rsquo;agent personnel \u00e0 l&rsquo;agent partag\u00e9 en \u00e9quipe. Un onglet d\u00e9di\u00e9 appara\u00eet dans la barre lat\u00e9rale. Les utilisateurs peuvent y construire, via Codex, des agents r\u00e9utilisables par leurs coll\u00e8gues.<\/p>\n\n\n\n<h4 class=\"wp-block-heading\" id=\"une-promesse-operationnelle-seduisante\">Une promesse op\u00e9rationnelle s\u00e9duisante<\/h4>\n\n\n\n<p>L&rsquo;argumentaire est limpide. La plupart des flux de travail utiles d\u00e9pendent de contextes partag\u00e9s, de validations crois\u00e9es, de d\u00e9cisions inter-\u00e9quipes. Un agent isol\u00e9 optimise une t\u00e2che. Un agent collectif optimise un processus. La diff\u00e9rence est consid\u00e9rable pour le ROI.<\/p>\n\n\n\n<p>Les Workspace agents savent collecter du contexte dans plusieurs syst\u00e8mes. Ils suivent les processus m\u00e9tier. Ils demandent une validation humaine au bon moment. Ils gardent la m\u00e9moire des projets dans le temps.<\/p>\n\n\n\n<h4 class=\"wp-block-heading\" id=\"un-risque-quon-ne-peut-plus-ignorer\">Un risque qu&rsquo;on ne peut plus ignorer<\/h4>\n\n\n\n<p>Le d\u00e9cor se complique vite. Ces agents exigent une int\u00e9gration profonde aux syst\u00e8mes critiques de l&rsquo;entreprise. Documents internes. Messageries. Bases de donn\u00e9es. Chaque connexion ouvre une question de gouvernance. Qui acc\u00e8de \u00e0 quoi. Qui supervise quoi. Qui r\u00e9pond en cas d&rsquo;erreur.<\/p>\n\n\n\n<p>L&rsquo;\u00e9cueil n&rsquo;est pas technique. Il est organisationnel. Une entreprise qui d\u00e9ploie des Workspace agents sans cartographie pr\u00e9alable de ses processus court \u00e0 la confusion. Le levier de productivit\u00e9 devient alors un risque op\u00e9rationnel.<\/p>\n\n\n\n<p>\u00cates-vous pr\u00eats \u00e0 confier \u00e0 un agent une autorit\u00e9 persistante sur vos op\u00e9rations c\u0153ur ? Si oui, o\u00f9 placez-vous la fronti\u00e8re. Si non, pourquoi d\u00e9ployer maintenant. Les d\u00e9cideurs gagneront \u00e0 clarifier cette ligne avant l&rsquo;achat, pas apr\u00e8s.<\/p>\n\n\n\n<h3 class=\"wp-block-heading\" id=\"cursor-et-space-x-lirruption-dune-alliance-detonante\">Cursor et SpaceX : l&rsquo;irruption d&rsquo;une alliance d\u00e9tonante<\/h3>\n\n\n\n<p>Mardi de cette semaine, SpaceX a sign\u00e9 un accord inhabituel avec Cursor. La filiale xAI, d\u00e9sormais rattach\u00e9e \u00e0 SpaceX, cod\u00e9veloppera un agent de programmation avec l&rsquo;\u00e9diteur. Si la collaboration aboutit, SpaceX rach\u00e8tera Cursor pour 60 milliards de dollars d&rsquo;ici la fin de l&rsquo;ann\u00e9e. Sinon, SpaceX versera 10 milliards en compensation.<\/p>\n\n\n\n<h4 class=\"wp-block-heading\" id=\"pourquoi-cet-accord-est-revelateur\">Pourquoi cet accord est r\u00e9v\u00e9lateur<\/h4>\n\n\n\n<p>Le calcul est froid. Cursor \u00e9tait valoris\u00e9e 10 milliards il y a un an seulement. Multiplier la mise par six en douze mois t\u00e9moigne d&rsquo;un d\u00e9placement majeur. Les agents de programmation sont devenus le terrain le plus disput\u00e9 du march\u00e9. Devant Claude Code et Codex, Cursor avait besoin d&rsquo;oxyg\u00e8ne. C&rsquo;est-\u00e0-dire de calcul et de mod\u00e8les de pointe.<\/p>\n\n\n\n<p>L&rsquo;accord lui ouvre l&rsquo;acc\u00e8s au supercalculateur Colossus de SpaceX. Et aux mod\u00e8les frontaliers de xAI. De son c\u00f4t\u00e9, xAI gagne enfin un produit cr\u00e9dible face aux deux leaders. Personne ne joue un coup d\u00e9fensif.<\/p>\n\n\n\n<h4 class=\"wp-block-heading\" id=\"ce-que-cela-signale-aux-entreprises-clientes\">Ce que cela signale aux entreprises clientes<\/h4>\n\n\n\n<p>Les alliances entre infrastructures et \u00e9diteurs vont se multiplier. Les fronti\u00e8res entre fournisseurs cloud, mod\u00e8les et outils de d\u00e9veloppement s&rsquo;effacent. Pour un DSI, la cons\u00e9quence est imm\u00e9diate. La strat\u00e9gie multi-fournisseur devient plus complexe. Et plus indispensable.<\/p>\n\n\n\n<p>Comment se pr\u00e9munir contre une consolidation o\u00f9 chaque outil d\u00e9pend d&rsquo;un acteur unique ? La diversification du stack IA n&rsquo;est pas un luxe, c&rsquo;est une assurance contre les concentrations.<\/p>\n\n\n\n<h3 class=\"wp-block-heading\" id=\"anthropic-et-amazon-5-milliards-investis-100-milliards-engages\">Anthropic et Amazon : 5 milliards investis, 100 milliards engag\u00e9s<\/h3>\n\n\n\n<p>Anthropic a s\u00e9curis\u00e9 un investissement de 5 milliards de dollars d&rsquo;Amazon. La somme porte l&rsquo;engagement total d&rsquo;Amazon dans Anthropic \u00e0 13 milliards. En contrepartie, Anthropic s&rsquo;engage \u00e0 d\u00e9penser plus de 100 milliards de dollars en services AWS sur la prochaine d\u00e9cennie.<\/p>\n\n\n\n<h4 class=\"wp-block-heading\" id=\"une-logique-dalliance-verticale\">Une logique d&rsquo;alliance verticale<\/h4>\n\n\n\n<p>Le contrat couvre l&rsquo;acc\u00e8s aux g\u00e9n\u00e9rations de puces Trainium2, Trainium3 et Trainium4. Ce dernier n&rsquo;existe pas encore. Cela signe la confiance d&rsquo;Anthropic dans la roadmap silicium d&rsquo;Amazon. Et cela donne \u00e0 Anthropic une option sur les futures puces, \u00e0 mesure qu&rsquo;elles sortent.<\/p>\n\n\n\n<p>L&rsquo;op\u00e9ration suit la logique du r\u00e9cent contrat OpenAI-Amazon de 50 milliards, sur un tour de financement de 110 milliards. Le march\u00e9 s&rsquo;organise par paires. Mod\u00e8le plus infrastructure. Hyperscaler plus laboratoire. La compute devient le carburant et la monnaie d&rsquo;\u00e9change.<\/p>\n\n\n\n<h4 class=\"wp-block-heading\" id=\"lenjeu-pour-les-entreprises-clientes\">L&rsquo;enjeu pour les entreprises clientes<\/h4>\n\n\n\n<p>Pour les directions IT, ces alliances changent la donne d&rsquo;achat. Choisir un mod\u00e8le revient d\u00e9sormais \u00e0 choisir indirectement un fournisseur cloud. Et inversement. La portabilit\u00e9 r\u00e9elle d&rsquo;un cas d&rsquo;usage IA d&rsquo;un cloud \u00e0 un autre devient un sujet contractuel central.<\/p>\n\n\n\n<p>Votre architecture IA tient-elle si vous changez de fournisseur cloud demain ? Pour beaucoup d&rsquo;organisations, la r\u00e9ponse honn\u00eate est non. Il est temps de l&rsquo;admettre, et d&rsquo;agir en cons\u00e9quence.<\/p>\n\n\n\n<h3 class=\"wp-block-heading\" id=\"claude-design-anthropic-vise-les-non-designers\">Claude Design : Anthropic vise les non-designers<\/h3>\n\n\n\n<p>Vendredi, Anthropic a lanc\u00e9 Claude Design en research preview. Un outil qui transforme une description textuelle en prototype, pr\u00e9sentation ou one-pager. La cible est claire. Fondateurs, chefs de produit, \u00e9quipes commerciales. Toutes les fonctions qui ont besoin de communiquer visuellement sans ma\u00eetriser un outil de design.<\/p>\n\n\n\n<h4 class=\"wp-block-heading\" id=\"une-mecanique-conversationnelle\">Une m\u00e9canique conversationnelle<\/h4>\n\n\n\n<p>L&rsquo;utilisateur d\u00e9crit son besoin. Claude g\u00e9n\u00e8re une premi\u00e8re version. L&rsquo;utilisateur ajuste par dialogue ou \u00e9dition directe. Les exports couvrent les formats PDF, URL, PPTX. L&rsquo;outil s&rsquo;int\u00e8gre avec Canva pour les finitions collaboratives.<\/p>\n\n\n\n<p>Particularit\u00e9 notable, Claude Design lit les codebases et fichiers de design d&rsquo;une organisation. Il applique automatiquement les chartes graphiques internes. La promesse est nette. Coh\u00e9rence visuelle \u00e0 co\u00fbt marginal.<\/p>\n\n\n\n<h4 class=\"wp-block-heading\" id=\"pourquoi-cela-compte-pour-les-directions\">Pourquoi cela compte pour les directions<\/h4>\n\n\n\n<p>L&rsquo;outil illustre une bascule. L&rsquo;IA g\u00e9n\u00e9rative quitte le terrain du texte pur pour s&rsquo;installer dans la cha\u00eene de production visuelle. Pour une \u00e9quipe marketing, cela peut transformer la cadence des supports commerciaux. Pour une \u00e9quipe produit, cela acc\u00e9l\u00e8re le passage de l&rsquo;id\u00e9e au prototype testable.<\/p>\n\n\n\n<p>Mais attention \u00e0 l&rsquo;illusion. La rapidit\u00e9 ne remplace pas la pens\u00e9e design. Une pr\u00e9sentation g\u00e9n\u00e9r\u00e9e vite reste une pr\u00e9sentation \u00e0 valider, retravailler, contextualiser.<\/p>\n\n\n\n<p>\u00c0 quel moment l&rsquo;autonomie offerte aux non-designers devient-elle un risque pour la coh\u00e9rence de marque ? La gouvernance graphique m\u00e9rite d&rsquo;\u00eatre pens\u00e9e avant que tout le monde produise ses propres slides assist\u00e9es.<\/p>\n\n\n\n<h3 class=\"wp-block-heading\" id=\"apple-un-ingenieur-hardware-aux-commandes\">Apple : un ing\u00e9nieur hardware aux commandes<\/h3>\n\n\n\n<p>Apple a annonc\u00e9 que John Ternus succ\u00e9dera \u00e0 Tim Cook le 1er septembre 2026. Tim Cook devient pr\u00e9sident ex\u00e9cutif du conseil. La transition a \u00e9t\u00e9 pr\u00e9par\u00e9e de longue date. L&rsquo;enjeu, lui, est tout sauf pr\u00e9par\u00e9.<\/p>\n\n\n\n<h4 class=\"wp-block-heading\" id=\"un-choix-qui-dit-la-strategie\">Un choix qui dit la strat\u00e9gie<\/h4>\n\n\n\n<p>Ternus a 50 ans. Il est entr\u00e9 chez Apple en 2001. Il dirigeait jusqu&rsquo;\u00e0 pr\u00e9sent l&rsquo;ing\u00e9nierie hardware. Ses empreintes sont sur l&rsquo;iPhone, l&rsquo;iPad, AirPods, Apple Watch et Vision Pro. Le choix d&rsquo;un homme de produit envoie un signal fort. Apple parie sur le hardware comme angle d&rsquo;attaque dans l&rsquo;\u00e8re de l&rsquo;IA.<\/p>\n\n\n\n<p>Cela tranche avec ses concurrents. Nvidia, Google, Microsoft et Amazon ont bas\u00e9 leur ascension r\u00e9cente sur la couche logicielle et l&rsquo;infrastructure cloud IA. Apple, lui, mise sur la convergence mat\u00e9riel-logiciel-services int\u00e9gr\u00e9s.<\/p>\n\n\n\n<h4 class=\"wp-block-heading\" id=\"une-reprise-en-main-sous-contrainte\">Une reprise en main sous contrainte<\/h4>\n\n\n\n<p>Apple a perdu sa premi\u00e8re place de capitalisation. Sa strat\u00e9gie IA a connu des rat\u00e9s. La nouvelle Siri sera bas\u00e9e sur Gemini de Google. Ce qui revient \u00e0 louer le cerveau au voisin. Le pari Vision Pro a d\u00e9\u00e7u. Les Mac mini et Mac Studio, en revanche, sont devenus des objets de culte chez les utilisateurs d&rsquo;agents IA personnels. Apple a une opportunit\u00e9 mat\u00e9rielle. Il lui reste \u00e0 transformer l&rsquo;essai logiciel.<\/p>\n\n\n\n<p>Une entreprise de hardware peut-elle gagner la partie IA en sous-traitant le mod\u00e8le fronti\u00e8re ? La r\u00e9ponse fera la valorisation d&rsquo;Apple sur les cinq prochaines ann\u00e9es. Pour les d\u00e9cideurs partenaires de l&rsquo;\u00e9cosyst\u00e8me Apple, c&rsquo;est aussi un signal sur la profondeur technologique \u00e0 attendre.<\/p>\n\n\n\n<h3 class=\"wp-block-heading\" id=\"x-ai-et-mistral-geopolitique-des-modeles-ia-et-entreprise\">xAI et Mistral : g\u00e9opolitique des mod\u00e8les IA et entreprise<\/h3>\n\n\n\n<p>L&rsquo;int\u00e9r\u00eat de <a href=\"https:\/\/www.businessinsider.com\/elon-musk-xai-explored-collaborating-with-mistral-cursor-2026-4\" data-type=\"link\" data-id=\"https:\/\/www.businessinsider.com\/elon-musk-xai-explored-collaborating-with-mistral-cursor-2026-4\" target=\"_blank\" rel=\"noopener\">xAI pour Mistral<\/a>, et plus pr\u00e9cis\u00e9ment pour Arthur Mensch, n&rsquo;est pas anodin. Il dessine une recomposition possible du paysage IA mondial. Voici les faits, et leur lecture \u00e0 mon sens.<\/p>\n\n\n\n<h4 class=\"wp-block-heading\" id=\"pourquoi-x-ai-veut-sadosser-a-mistral\">Pourquoi xAI veut s&rsquo;adosser \u00e0 Mistral<\/h4>\n\n\n\n<p>xAI dispose d&rsquo;une infrastructure colossale. Environ 200 000 GPU NVIDIA. Mais ses mod\u00e8les restent en retrait par rapport \u00e0 OpenAI et Anthropic. Mistral, \u00e0 l&rsquo;inverse, produit des mod\u00e8les compacts, performants, et ouverts. Le mariage offre \u00e0 xAI un raccourci technologique.<\/p>\n\n\n\n<p>Une alliance Mistral-xAI-Cursor, soutenue par SpaceX, dessinerait un bloc alternatif au duopole OpenAI-Anthropic. Trois piliers. Infrastructure massive. Excellence mod\u00e8le. Outillage d\u00e9veloppeur. Sur le papier, l&rsquo;\u00e9quation est coh\u00e9rente.<\/p>\n\n\n\n<h4 class=\"wp-block-heading\" id=\"pourquoi-mistral-pourrait-etre-tente\">Pourquoi Mistral pourrait \u00eatre tent\u00e9<\/h4>\n\n\n\n<p>Mistral a lev\u00e9 des centaines de millions. Insuffisant face aux dizaines de milliards de ses concurrents. Un partenariat ouvrirait l&rsquo;acc\u00e8s \u00e0 des donn\u00e9es, du calcul et une distribution mondiale via les plateformes Musk. C&rsquo;est une mont\u00e9e en puissance acc\u00e9l\u00e9r\u00e9e.<\/p>\n\n\n\n<h4 class=\"wp-block-heading\" id=\"le-paradoxe-strategique\">Le paradoxe strat\u00e9gique<\/h4>\n\n\n\n<p>Le r\u00e9cit Mistral repose sur la souverainet\u00e9 europ\u00e9enne et l&rsquo;ouverture. Une alliance trop visible avec un magnat am\u00e9ricain, par ailleurs polarisant, fragiliserait ce positionnement. Le narratif politique de Mistral perdrait en coh\u00e9rence ce qu&rsquo;il gagnerait en moyens techniques.<\/p>\n\n\n\n<p>Que devient un champion europ\u00e9en quand son principal acc\u00e9l\u00e9rateur est nord-am\u00e9ricain ? Pour les entreprises et les institutions clientes de Mistral, cette question est d\u00e9sormais centrale. Vos contrats actuels reposent sur une promesse de souverainet\u00e9. Cette promesse tient-elle \u00e0 toute \u00e9volution capitalistique ?<\/p>\n\n\n\n<h3 class=\"wp-block-heading\" id=\"cohere-et-aleph-alpha-le-pari-transatlantique-sur-ia-et-entreprise\">Cohere et Aleph Alpha : le pari transatlantique sur IA et entreprise<\/h3>\n\n\n\n<p>Le 24 avril, Cohere a annonc\u00e9 l&rsquo;acquisition d&rsquo;Aleph Alpha. Le terme officiel est \u00ab fusion \u00bb. La r\u00e9alit\u00e9 est une acquisition. Les actionnaires de Cohere d\u00e9tiennent 90% du nouvel ensemble. La valorisation atteint 20 milliards de dollars. Soit le triple de celle de Cohere seule l&rsquo;an dernier.<\/p>\n\n\n\n<h4 class=\"wp-block-heading\" id=\"une-operation-a-double-etiquette\">Une op\u00e9ration \u00e0 double \u00e9tiquette<\/h4>\n\n\n\n<p>Le double si\u00e8ge est annonc\u00e9 \u00e0 Toronto et Berlin. Schwarz Group, maison m\u00e8re de Lidl et actionnaire d&rsquo;Aleph Alpha, injecte 500 \u00e0 600 millions d&rsquo;euros dans la nouvelle Series E. STACKIT, le cloud souverain europ\u00e9en du groupe Schwarz, devient infrastructure cl\u00e9 de l&rsquo;offre. Les gouvernements canadien et allemand soutiennent politiquement l&rsquo;op\u00e9ration.<\/p>\n\n\n\n<p>L&rsquo;argument de vente est limpide. Construire une alternative non am\u00e9ricaine pour les secteurs r\u00e9gul\u00e9s. D\u00e9fense. \u00c9nergie. Finance. Sant\u00e9. Administrations publiques.<\/p>\n\n\n\n<h4 class=\"wp-block-heading\" id=\"ce-que-chaque-partie-y-gagne\">Ce que chaque partie y gagne<\/h4>\n\n\n\n<p>Cohere obtient une \u00e9quipe europ\u00e9enne de 250 personnes, des contrats publics existants en Allemagne, et une l\u00e9gitimit\u00e9 politique renforc\u00e9e. Aleph Alpha sort d&rsquo;une p\u00e9riode difficile. Pivot strat\u00e9gique douloureux. D\u00e9part du fondateur Jonas Andrulis. Faible traction sur le revenu. L&rsquo;absorption lui offre une plateforme globale.<\/p>\n\n\n\n<h4 class=\"wp-block-heading\" id=\"la-souverainete-en-question\">La souverainet\u00e9 en question<\/h4>\n\n\n\n<p>C&rsquo;est l\u00e0 que le b\u00e2t blesse. Cohere est largement financ\u00e9e par des capitaux nord-am\u00e9ricains et des fournisseurs GPU am\u00e9ricains. La pr\u00e9sence d&rsquo;un cloud europ\u00e9en permet de construire un r\u00e9cit, mais la cha\u00eene de valeur reste internationale. Le \u00ab champion europ\u00e9en \u00bb devient le bras europ\u00e9en d&rsquo;un groupe transatlantique.<\/p>\n\n\n\n<p>Une entreprise europ\u00e9enne qui veut une IA \u00ab souveraine \u00bb trouve-t-elle satisfaction avec un acteur dont la majorit\u00e9 du capital reste outre-Atlantique ? Le crit\u00e8re de souverainet\u00e9 m\u00e9rite une d\u00e9finition contractuelle, pas marketing. Les directions juridiques et achats devraient \u00e9crire leur propre grille de lecture, ind\u00e9pendamment des promesses des fournisseurs.<\/p>\n\n\n\n<h3 class=\"wp-block-heading\" id=\"ce-quil-faut-retenir-de-cette-semaine\">Ce qu&rsquo;il faut retenir de cette semaine<\/h3>\n\n\n\n<p>Comme pour <a href=\"https:\/\/alain.goudey.eu\/side\/2026\/04\/18\/weekly-ia-s-16-lintelligence-artificielle-en-entreprise-en-6-actus\/\" data-type=\"link\" data-id=\"https:\/\/alain.goudey.eu\/side\/2026\/04\/18\/weekly-ia-s-16-lintelligence-artificielle-en-entreprise-en-6-actus\/\">la semaine 16 d&rsquo;IA en entreprise<\/a>, l&rsquo;IA d&rsquo;entreprise continue \u00e0 se structurer \u00e0 coups de milliards, d&rsquo;alliances et de transitions de pouvoir. Selon moi, pour un dirigeant, trois enseignements \u00e9mergent :<\/p>\n\n\n\n<p><strong>Premier enseignement.<\/strong> La cadence des mod\u00e8les s&rsquo;acc\u00e9l\u00e8re. Six semaines suffisent d\u00e9sormais \u00e0 rendre un mod\u00e8le obsol\u00e8te. Mettez en place une gouvernance d&rsquo;\u00e9valuation continue.<\/p>\n\n\n\n<p><strong>Deuxi\u00e8me enseignement.<\/strong> Les agents collectifs arrivent. Le passage de l&rsquo;IA personnelle \u00e0 l&rsquo;IA d&rsquo;\u00e9quipe change la nature du risque. Pr\u00e9parez votre cartographie des processus avant l&rsquo;achat.<\/p>\n\n\n\n<p><strong>Troisi\u00e8me enseignement.<\/strong> La g\u00e9opolitique des mod\u00e8les devient critique. La souverainet\u00e9 technologique n&rsquo;est ni un slogan ni une option. C&rsquo;est un crit\u00e8re contractuel.<\/p>\n\n\n\n<p>L&rsquo;innovation va vite. Le discernement, lui, doit voir plus loin pour construire dans la dur\u00e9e. <\/p>\n\n\n<div id=\"rank-math-faq\" class=\"rank-math-block\">\n<div class=\"rank-math-list \">\n<div id=\"faq-question-1777272153353\" class=\"rank-math-list-item\">\n<h3 class=\"rank-math-question \">Quelles sont les annonces majeures en intelligence artificielle cette semaine ?<\/h3>\n<div class=\"rank-math-answer \">\n\n<p>La semaine 17 a vu le lancement de GPT-5.5 par OpenAI, l&rsquo;arriv\u00e9e des Workspace agents dans ChatGPT, l&rsquo;accord SpaceX-Cursor, l&rsquo;investissement de 5 milliards d&rsquo;Amazon dans Anthropic, le lancement de Claude Design, la nomination de John Ternus chez Apple, l&rsquo;int\u00e9r\u00eat de xAI pour Mistral et l&rsquo;acquisition d&rsquo;Aleph Alpha par Cohere.<\/p>\n\n<\/div>\n<\/div>\n<div id=\"faq-question-1777272195376\" class=\"rank-math-list-item\">\n<h3 class=\"rank-math-question \"><strong>GPT-5.5 est-il d\u00e9j\u00e0 accessible aux entreprises ?<\/strong> <\/h3>\n<div class=\"rank-math-answer \">\n\n<p>Oui pour les utilisateurs ChatGPT Plus, Pro, Business et Enterprise depuis le 23 avril 2026. L&rsquo;acc\u00e8s API \u00e9tait initialement annonc\u00e9 comme imminent. Les entreprises peuvent d\u00e9j\u00e0 tester le mod\u00e8le en environnement Codex.<\/p>\n\n<\/div>\n<\/div>\n<div id=\"faq-question-1777272220504\" class=\"rank-math-list-item\">\n<h3 class=\"rank-math-question \"><strong>Que sont les Workspace agents OpenAI ?<\/strong> <\/h3>\n<div class=\"rank-math-answer \">\n\n<p>Ce sont des agents IA partag\u00e9s au sein d&rsquo;une \u00e9quipe ou d&rsquo;une organisation. Ils acc\u00e8dent aux outils internes, suivent les processus, sollicitent des validations humaines et conservent un contexte persistant. Leur d\u00e9ploiement exige une gouvernance solide des donn\u00e9es et des permissions.<\/p>\n\n<\/div>\n<\/div>\n<div id=\"faq-question-1777272233413\" class=\"rank-math-list-item\">\n<h3 class=\"rank-math-question \"><strong>L&rsquo;acquisition d&rsquo;Aleph Alpha par Cohere garantit-elle une IA souveraine en Europe ?<\/strong> <\/h3>\n<div class=\"rank-math-answer \">\n\n<p>Pas automatiquement. Cohere reste largement financ\u00e9e par des capitaux nord-am\u00e9ricains. La pr\u00e9sence du cloud STACKIT et d&rsquo;un si\u00e8ge \u00e0 Berlin renforce le r\u00e9cit europ\u00e9en. Les directions achats devraient examiner les clauses contractuelles plut\u00f4t que se fier aux promesses g\u00e9n\u00e9rales.<\/p>\n\n<\/div>\n<\/div>\n<div id=\"faq-question-1777272247241\" class=\"rank-math-list-item\">\n<h3 class=\"rank-math-question \"><strong>Pourquoi Apple a-t-il choisi un ing\u00e9nieur hardware comme nouveau CEO ?<\/strong> <\/h3>\n<div class=\"rank-math-answer \">\n\n<p>La nomination de John Ternus, effective au 1er septembre 2026, signale qu&rsquo;Apple parie sur l&rsquo;int\u00e9gration mat\u00e9riel-logiciel et sur de nouveaux dispositifs comme les lunettes IA. La strat\u00e9gie mod\u00e8le reste sous-trait\u00e9e \u00e0 Google via Gemini.<\/p>\n\n<\/div>\n<\/div>\n<div id=\"faq-question-1777272275237\" class=\"rank-math-list-item\">\n<h3 class=\"rank-math-question \"><strong>Comment r\u00e9agir face \u00e0 l&rsquo;acc\u00e9l\u00e9ration des mod\u00e8les d&rsquo;intelligence artificielle ?<\/strong><\/h3>\n<div class=\"rank-math-answer \">\n\n<p> Trois priorit\u00e9s. Mettre en place une gouvernance d&rsquo;\u00e9valuation continue. Cartographier les processus avant tout d\u00e9ploiement d&rsquo;agents. Inscrire la souverainet\u00e9 technologique comme crit\u00e8re contractuel et non rh\u00e9torique.<\/p>\n\n<\/div>\n<\/div>\n<\/div>\n<\/div>\n\n\n<p><\/p>\n","protected":false},"excerpt":{"rendered":"<p>L&rsquo;actualit\u00e9 de cette dix-septi\u00e8me semaine de 2026 ne souffre aucun temps mort sur le th\u00e8me IA et entreprise. Sept jours. Huit annonces majeures. L&rsquo;IA n&rsquo;attend pas la strat\u00e9gie d&rsquo;entreprise, elle l&rsquo;oblige \u00e0 courir.<\/p>\n<p>Du lancement de GPT-5.5 \u00e0 la fusion Cohere\u2013Aleph Alpha, en passant par la passation de pouvoir chez Apple, chaque actualit\u00e9 dessine un mouvement de transformation du monde. Les fronti\u00e8res bougent. Les alliances se nouent vite. Les capitaux circulent \u00e0 des \u00e9chelles sans pr\u00e9c\u00e9dent et cela fait d\u00e9j\u00e0 un peu plus de 3 ans que cela dure !<\/p>\n","protected":false},"author":1,"featured_media":782,"comment_status":"open","ping_status":"open","sticky":false,"template":"","format":"standard","meta":{"footnotes":""},"categories":[45],"tags":[53,43,49],"class_list":["post-780","post","type-post","status-publish","format-standard","has-post-thumbnail","hentry","category-actualites-de-lia","tag-actualites","tag-entreprise","tag-ia"],"_links":{"self":[{"href":"https:\/\/alain.goudey.eu\/side\/wp-json\/wp\/v2\/posts\/780","targetHints":{"allow":["GET"]}}],"collection":[{"href":"https:\/\/alain.goudey.eu\/side\/wp-json\/wp\/v2\/posts"}],"about":[{"href":"https:\/\/alain.goudey.eu\/side\/wp-json\/wp\/v2\/types\/post"}],"author":[{"embeddable":true,"href":"https:\/\/alain.goudey.eu\/side\/wp-json\/wp\/v2\/users\/1"}],"replies":[{"embeddable":true,"href":"https:\/\/alain.goudey.eu\/side\/wp-json\/wp\/v2\/comments?post=780"}],"version-history":[{"count":2,"href":"https:\/\/alain.goudey.eu\/side\/wp-json\/wp\/v2\/posts\/780\/revisions"}],"predecessor-version":[{"id":783,"href":"https:\/\/alain.goudey.eu\/side\/wp-json\/wp\/v2\/posts\/780\/revisions\/783"}],"wp:featuredmedia":[{"embeddable":true,"href":"https:\/\/alain.goudey.eu\/side\/wp-json\/wp\/v2\/media\/782"}],"wp:attachment":[{"href":"https:\/\/alain.goudey.eu\/side\/wp-json\/wp\/v2\/media?parent=780"}],"wp:term":[{"taxonomy":"category","embeddable":true,"href":"https:\/\/alain.goudey.eu\/side\/wp-json\/wp\/v2\/categories?post=780"},{"taxonomy":"post_tag","embeddable":true,"href":"https:\/\/alain.goudey.eu\/side\/wp-json\/wp\/v2\/tags?post=780"}],"curies":[{"name":"wp","href":"https:\/\/api.w.org\/{rel}","templated":true}]}}